{"id":77929,"date":"2024-08-22T09:15:30","date_gmt":"2024-08-22T15:15:30","guid":{"rendered":"http:\/\/mickyandoniehn.com\/radio\/2024\/08\/22\/por-tercer-dia-consecutivo-sigue-toma-en-inprema\/"},"modified":"2024-08-22T09:15:30","modified_gmt":"2024-08-22T15:15:30","slug":"por-tercer-dia-consecutivo-sigue-toma-en-inprema","status":"publish","type":"post","link":"https:\/\/mickyandoniehn.com\/radio\/2024\/08\/22\/por-tercer-dia-consecutivo-sigue-toma-en-inprema\/","title":{"rendered":"Por tercer d\u00eda consecutivo sigue toma en INPREMA"},"content":{"rendered":"<\/p>\n<p><strong>22.08.24<\/strong><\/p>\n<p><strong>Tegucigalpa-<\/strong>\u00a0Por tercer d\u00eda consecutivo, un grupo de docentes mantiene tomadas las instalaciones del Instituto Nacional de Previsi\u00f3n del Magisterio (INPREMA), en rechazo a las propuestas de reforma a la ley de la instituci\u00f3n.<\/p>\n<p>Erika \u00c1vila, representante de los maestros que lideran la toma, expres\u00f3 que la toma sigue de manera indefinida \u201cqueremos una mesa de di\u00e1logo\u201d y ser escuchados.<\/p>\n<p>Reconoci\u00f3 que ya han tenido acercamiento entre las partes y conf\u00edan en que puedan llegar a un entendimiento adem\u00e1s hizo un llamado a los diputados de todas las bancadas para atender sus peticiones.<\/p>\n<p>A\u00f1adi\u00f3 que los maestros que est\u00e1n ahora en la toma del INPREMA, son pueblo, pueblo, y vienen m\u00e1s maestros de todos los departamentos para acuerpar la toma.<\/p>\n<p>Mantuvo que los docentes se oponen a las reformas de la ley del INPREMA por considerarla nociva, da\u00f1ina y violatoria de derechos ya adquiridos.<\/p>\n<p>Los docentes demandan que los 128 diputados se abstengan de dar tr\u00e1mite al proyecto de ley promovido por la Secretar\u00eda de Educaci\u00f3n en coordinaci\u00f3n con el diputado Edgardo Casta\u00f1a, presidente de la Comisi\u00f3n de Educaci\u00f3n.<\/p>\n<p>La toma es de car\u00e1cter indefinido, con relevos alternos de docentes, y se espera que m\u00e1s maestros se sumen a las protestas este jueves y en los pr\u00f3ximos d\u00edas, concluy\u00f3 la docente<\/p>\n<p>Es necesario que los maestros conozcan que, debido a esta situaci\u00f3n, se han suspendido temporalmente los procesos de pr\u00e9stamos personales, actualizaci\u00f3n de datos y pago de planillas complementarias para jubilados, as\u00ed como el pago de la sexta renta.<\/p>\n<p>Fuente: Proceso Digital<\/p>\n","protected":false},"excerpt":{"rendered":"<p>22.08.24 Tegucigalpa-\u00a0Por tercer d\u00eda consecutivo, un grupo de docentes mantiene tomadas las instalaciones del Instituto Nacional de Previsi\u00f3n del Magisterio (INPREMA), en rechazo a las propuestas de reforma a la ley de la instituci\u00f3n. Erika \u00c1vila, representante de los maestros que lideran la toma, expres\u00f3 que la toma sigue de manera indefinida \u201cqueremos una mesa &hellip;<\/p>\n","protected":false},"author":0,"featured_media":77930,"comment_status":"open","ping_status":"open","sticky":false,"template":"","format":"standard","meta":{"_jetpack_memberships_contains_paid_content":false,"footnotes":""},"categories":[5],"tags":[],"class_list":["post-77929","post","type-post","status-publish","format-standard","has-post-thumbnail","","category-noticias"],"jetpack_sharing_enabled":true,"jetpack_featured_media_url":"https:\/\/mickyandoniehn.com\/radio\/wp-content\/uploads\/2024\/08\/toma-INPREMA-696x480-1-VKhMlU.jpeg","_links":{"self":[{"href":"https:\/\/mickyandoniehn.com\/radio\/wp-json\/wp\/v2\/posts\/77929","targetHints":{"allow":["GET"]}}],"collection":[{"href":"https:\/\/mickyandoniehn.com\/radio\/wp-json\/wp\/v2\/posts"}],"about":[{"href":"https:\/\/mickyandoniehn.com\/radio\/wp-json\/wp\/v2\/types\/post"}],"replies":[{"embeddable":true,"href":"https:\/\/mickyandoniehn.com\/radio\/wp-json\/wp\/v2\/comments?post=77929"}],"version-history":[{"count":0,"href":"https:\/\/mickyandoniehn.com\/radio\/wp-json\/wp\/v2\/posts\/77929\/revisions"}],"wp:featuredmedia":[{"embeddable":true,"href":"https:\/\/mickyandoniehn.com\/radio\/wp-json\/wp\/v2\/media\/77930"}],"wp:attachment":[{"href":"https:\/\/mickyandoniehn.com\/radio\/wp-json\/wp\/v2\/media?parent=77929"}],"wp:term":[{"taxonomy":"category","embeddable":true,"href":"https:\/\/mickyandoniehn.com\/radio\/wp-json\/wp\/v2\/categories?post=77929"},{"taxonomy":"post_tag","embeddable":true,"href":"https:\/\/mickyandoniehn.com\/radio\/wp-json\/wp\/v2\/tags?post=77929"}],"curies":[{"name":"wp","href":"https:\/\/api.w.org\/{rel}","templated":true}]}}