{"id":77923,"date":"2024-08-22T09:15:22","date_gmt":"2024-08-22T15:15:22","guid":{"rendered":"http:\/\/mickyandoniehn.com\/radio\/2024\/08\/22\/los-hondurenos-seguiran-migrando-por-falta-de-empleos-dignos-dice-director-de-estadisticas\/"},"modified":"2024-08-22T09:15:22","modified_gmt":"2024-08-22T15:15:22","slug":"los-hondurenos-seguiran-migrando-por-falta-de-empleos-dignos-dice-director-de-estadisticas","status":"publish","type":"post","link":"https:\/\/mickyandoniehn.com\/radio\/2024\/08\/22\/los-hondurenos-seguiran-migrando-por-falta-de-empleos-dignos-dice-director-de-estadisticas\/","title":{"rendered":"Los hondure\u00f1os seguir\u00e1n migrando por falta de empleos dignos, dice director de Estad\u00edsticas"},"content":{"rendered":"<\/p>\n<p>22.08.2024<\/p>\n<p>Los hondure\u00f1os seguir\u00e1n migrando, principalmente a Estados Unidos y Espa\u00f1a, mientras en su pa\u00eds no haya suficientes empleos que sean \u201cdecentes\u201d para satisfacer sus necesidades, dijo este mi\u00e9rcoles el director del Instituto Nacional de Estad\u00edsticas (INE), Eugenio Sosa.<\/p>\n<p>\u201cMientras esto no se resuelva, con empleos suficientes y decentes, la gente va a seguir migrando\u201d, subray\u00f3 Sosa, quien adem\u00e1s considera que \u201cla migraci\u00f3n genera distorsiones en varios aspectos del pa\u00eds, a nivel profesional, de la econom\u00eda y de las comunidades\u201d.<\/p>\n<p>Agreg\u00f3 que el efecto de la migraci\u00f3n en principio es positivo, por las remesas millonarias de d\u00f3lares que generan, pero no se va a compensar a largo plazo.<\/p>\n<h3>En 2023 las remesas familiares sumaron unos 10.000 millones de d\u00f3lares.<\/h3>\n<p>\u201cLa gente que se va es la que considera que tiene un mal empleo, un mal ingreso, y va hacia pa\u00edses como Estados Unidos y ahora Espa\u00f1a, por la gran opci\u00f3n de duplicar o triplicar sus ingresos\u201d, enfatiz\u00f3 el titular del INE.<\/p>\n<p>A manera de ejemplo, indic\u00f3 que lo que ganan muchos hondure\u00f1os en un d\u00eda en su pa\u00eds, en Estados Unidos o Espa\u00f1a lo pueden ganar en una hora, con diferentes tipos de trabajo, que son calificados o muy calificados.<\/p>\n<p>Muchos hondure\u00f1os, incluso profesionales universitarios, tambi\u00e9n migran por la violencia criminal que vive su pa\u00eds desde hace varias d\u00e9cadas, con al menos una decena de muertes diarias, sin que las fuerzas de seguridad hagan lo suficiente para frenarla.<\/p>\n<p>En opini\u00f3n de Sosa, \u201creducir la migraci\u00f3n significa una transformaci\u00f3n econ\u00f3mica y social bastante profunda. Es una cuesti\u00f3n que no se va a detener de otra manera\u201d.<\/p>\n<p>Sobre los niveles de desempleo abierto, dijo que la \u00faltima medici\u00f3n la tasa se situ\u00f3 en el 6,4 por ciento despu\u00e9s de un 10 por ciento registrado a ra\u00edz de la pandemia de la covid-19.<\/p>\n<h3>El problema m\u00e1s grande es el empleo precario<\/h3>\n<p>En 2021, el desempleo rozaba el 9 por ciento y actualmente, seg\u00fan los registros del INE, en el pa\u00eds hay unas 250.000 personas sin empleo, cifras con las que algunos sectores no est\u00e1n de acuerdo.<\/p>\n<p>Pero \u201cel problema m\u00e1s grande\u201d, expres\u00f3 el director del INE, \u201ces el tema del empleo precario, que en otros momentos se llama subempleo, que son dos tipos de situaciones, o empleos insuficientes, que son las personas a las que solo se les contrata por horas o d\u00edas, no a tiempo completo, o que se les paga muy mal, ni siquiera el salario m\u00ednimo\u201d de entre 500 y 600 d\u00f3lares.<\/p>\n<p>\u201cEn esa categor\u00eda de empleo precario o subocupaci\u00f3n, andamos en dos millones, de una fuerza de trabajo que oscila entre los 3,9 y 4 millones de personas\u201d, enfatiz\u00f3 Sosa.<\/p>\n<p>A\u00f1adi\u00f3 que m\u00e1s del 50 por ciento de los hondure\u00f1os se encuentra en una situaci\u00f3n de ese tipo.<\/p>\n<p>Sobre la poblaci\u00f3n de Honduras, m\u00e1s del 60 por ciento afectada por la pobreza, dijo que con la proyecci\u00f3n que se tiene de 2013, ser\u00eda de unos 9,7 millones de habitantes, pero con el Registro Nacional de las Personas (RNP) podr\u00edan rondar los 9,2 millones, tomando en cuenta el tema de la migraci\u00f3n.<\/p>\n<p>Agreg\u00f3 que hay dos fen\u00f3menos a considerar en el pa\u00eds en los \u00faltimos a\u00f1os, uno de ellos el migratorio, con decenas de miles de hondure\u00f1os que se van cada a\u00f1o, que no los cuenta el censo.<\/p>\n<p>Y tambi\u00e9n el proceso de cambio demogr\u00e1fico, que todav\u00eda no se nota, pero que ser\u00e1 fundamental para el tema del desarrollo m\u00e1s adelante: se trata de que Honduras est\u00e1 pasando de registrar hasta 250.000 nacimientos al a\u00f1o, a 150.000 en el \u00faltimo a\u00f1o.<\/p>\n<p>El promedio de hijos en muchas familias durante muchos a\u00f1os ha sido de cinco, pero ahora, seg\u00fan se\u00f1al\u00f3 Sosa, oscila entre dos y tres, y en algunos casos, solo uno.<\/p>\n<p>Fuente:HonduDiario<\/p>\n","protected":false},"excerpt":{"rendered":"<p>22.08.2024 Los hondure\u00f1os seguir\u00e1n migrando, principalmente a Estados Unidos y Espa\u00f1a, mientras en su pa\u00eds no haya suficientes empleos que sean \u201cdecentes\u201d para satisfacer sus necesidades, dijo este mi\u00e9rcoles el director del Instituto Nacional de Estad\u00edsticas (INE), Eugenio Sosa. \u201cMientras esto no se resuelva, con empleos suficientes y decentes, la gente va a seguir migrando\u201d, &hellip;<\/p>\n","protected":false},"author":0,"featured_media":77924,"comment_status":"open","ping_status":"open","sticky":false,"template":"","format":"standard","meta":{"_jetpack_memberships_contains_paid_content":false,"footnotes":""},"categories":[5],"tags":[],"class_list":["post-77923","post","type-post","status-publish","format-standard","has-post-thumbnail","","category-noticias"],"jetpack_sharing_enabled":true,"jetpack_featured_media_url":"https:\/\/mickyandoniehn.com\/radio\/wp-content\/uploads\/2024\/08\/3-f66JLi.png","_links":{"self":[{"href":"https:\/\/mickyandoniehn.com\/radio\/wp-json\/wp\/v2\/posts\/77923","targetHints":{"allow":["GET"]}}],"collection":[{"href":"https:\/\/mickyandoniehn.com\/radio\/wp-json\/wp\/v2\/posts"}],"about":[{"href":"https:\/\/mickyandoniehn.com\/radio\/wp-json\/wp\/v2\/types\/post"}],"replies":[{"embeddable":true,"href":"https:\/\/mickyandoniehn.com\/radio\/wp-json\/wp\/v2\/comments?post=77923"}],"version-history":[{"count":0,"href":"https:\/\/mickyandoniehn.com\/radio\/wp-json\/wp\/v2\/posts\/77923\/revisions"}],"wp:featuredmedia":[{"embeddable":true,"href":"https:\/\/mickyandoniehn.com\/radio\/wp-json\/wp\/v2\/media\/77924"}],"wp:attachment":[{"href":"https:\/\/mickyandoniehn.com\/radio\/wp-json\/wp\/v2\/media?parent=77923"}],"wp:term":[{"taxonomy":"category","embeddable":true,"href":"https:\/\/mickyandoniehn.com\/radio\/wp-json\/wp\/v2\/categories?post=77923"},{"taxonomy":"post_tag","embeddable":true,"href":"https:\/\/mickyandoniehn.com\/radio\/wp-json\/wp\/v2\/tags?post=77923"}],"curies":[{"name":"wp","href":"https:\/\/api.w.org\/{rel}","templated":true}]}}