{"id":77921,"date":"2024-08-22T01:41:25","date_gmt":"2024-08-22T07:41:25","guid":{"rendered":"http:\/\/mickyandoniehn.com\/radio\/2024\/08\/22\/lluvias-se-registraran-en-honduras-este-miercoles-por-paso-de-onda-tropical\/"},"modified":"2024-08-22T01:41:25","modified_gmt":"2024-08-22T07:41:25","slug":"lluvias-se-registraran-en-honduras-este-miercoles-por-paso-de-onda-tropical","status":"publish","type":"post","link":"https:\/\/mickyandoniehn.com\/radio\/2024\/08\/22\/lluvias-se-registraran-en-honduras-este-miercoles-por-paso-de-onda-tropical\/","title":{"rendered":"Lluvias se registrar\u00e1n en Honduras este mi\u00e9rcoles por paso de onda tropical"},"content":{"rendered":"<p class=\"sub-parrafo thridlimit mt-0 mb-2\">Las precipitaciones con mayores acumulados se registrar\u00e1n en algunas \u00e1reas de las regiones sur, suroccidente y norte del pa\u00eds, seg\u00fan el pron\u00f3stico del Cenaos.<\/p>\n<div class=\"d-flex justify-content-start\">\n<div class=\"row w-100 p-0 m-0\">\n<div class=\"mr-2\"><\/div>\n<div><strong>21.08.24<\/strong><\/div>\n<div>\n<p>Lluvias y chubascos, que variar\u00e1n de d\u00e9biles a ocasionalmente moderados, junto con tormentas el\u00e9ctricas se producir\u00e1n este mi\u00e9rcoles en casi todo el territorio hondure\u00f1o debido al desplazamiento de una onda tropical, inform\u00f3 el Centro Nacional de Estudios Atmosf\u00e9ricos, Oceanogr\u00e1ficos y S\u00edsmicos (Cenaos).<\/p>\n<p>Las precipitaciones con mayores acumulados se registrar\u00e1n en algunas \u00e1reas de las regiones sur, suroccidente y norte de Honduras, explic\u00f3 el meteor\u00f3logo del Cenaos, Jairo Garc\u00eda.<\/p>\n<p>De acuerdo con la proyecci\u00f3n del tiempo, las lluvias se presentar\u00e1n principalmente durante la tarde y la noche.<\/p>\n<p>El Cenaos tambi\u00e9n prev\u00e9 que el oleaje se mantendr\u00e1 hoy en sus rangos normales, de 1 a 3 pies de altura, tanto en el litoral Atl\u00e1ntico como en el golfo de Fonseca.<\/p>\n<p>Las\u00a0<strong>temperaturas m\u00e1ximas<\/strong>\u00a0estimadas oscilar\u00e1n entre 29 y 37 grados cent\u00edgrados, siendo la m\u00e1s alta esperada en el departamento de\u00a0<strong>Choluteca<\/strong>, en el sur de Honduras.<\/p>\n<p>Por otro lado, el Cenaos inform\u00f3 que este mi\u00e9rcoles habr\u00e1 una notable presencia de\u00a0<strong>polvo del Sahara,<\/strong>\u00a0con concentraciones de 60 microgramos por metro c\u00fabico en el\u00a0<strong>oriente<\/strong>\u00a0hondure\u00f1o.<\/p>\n<div class=\"row\">\n<div class=\"col-md-12\">\n<div class=\"text-center section_banner_728x90 inline-1582844439901\">\n<div class=\"justify-content-center w-100 banner350\">Fuente: tunota<\/div>\n<\/div>\n<\/div>\n<\/div>\n<\/div>\n<\/div>\n<\/div>\n","protected":false},"excerpt":{"rendered":"<p>Las precipitaciones con mayores acumulados se registrar\u00e1n en algunas \u00e1reas de las regiones sur, suroccidente y norte del pa\u00eds, seg\u00fan el pron\u00f3stico del Cenaos. 21.08.24 Lluvias y chubascos, que variar\u00e1n de d\u00e9biles a ocasionalmente moderados, junto con tormentas el\u00e9ctricas se producir\u00e1n este mi\u00e9rcoles en casi todo el territorio hondure\u00f1o debido al desplazamiento de una onda &hellip;<\/p>\n","protected":false},"author":0,"featured_media":77922,"comment_status":"open","ping_status":"open","sticky":false,"template":"","format":"standard","meta":{"_jetpack_memberships_contains_paid_content":false,"footnotes":""},"categories":[5],"tags":[],"class_list":["post-77921","post","type-post","status-publish","format-standard","has-post-thumbnail","","category-noticias"],"jetpack_sharing_enabled":true,"jetpack_featured_media_url":"https:\/\/mickyandoniehn.com\/radio\/wp-content\/uploads\/2024\/08\/principal_lluvias_onda_tropical_cenaos-zecxg5.jpeg","_links":{"self":[{"href":"https:\/\/mickyandoniehn.com\/radio\/wp-json\/wp\/v2\/posts\/77921","targetHints":{"allow":["GET"]}}],"collection":[{"href":"https:\/\/mickyandoniehn.com\/radio\/wp-json\/wp\/v2\/posts"}],"about":[{"href":"https:\/\/mickyandoniehn.com\/radio\/wp-json\/wp\/v2\/types\/post"}],"replies":[{"embeddable":true,"href":"https:\/\/mickyandoniehn.com\/radio\/wp-json\/wp\/v2\/comments?post=77921"}],"version-history":[{"count":0,"href":"https:\/\/mickyandoniehn.com\/radio\/wp-json\/wp\/v2\/posts\/77921\/revisions"}],"wp:featuredmedia":[{"embeddable":true,"href":"https:\/\/mickyandoniehn.com\/radio\/wp-json\/wp\/v2\/media\/77922"}],"wp:attachment":[{"href":"https:\/\/mickyandoniehn.com\/radio\/wp-json\/wp\/v2\/media?parent=77921"}],"wp:term":[{"taxonomy":"category","embeddable":true,"href":"https:\/\/mickyandoniehn.com\/radio\/wp-json\/wp\/v2\/categories?post=77921"},{"taxonomy":"post_tag","embeddable":true,"href":"https:\/\/mickyandoniehn.com\/radio\/wp-json\/wp\/v2\/tags?post=77921"}],"curies":[{"name":"wp","href":"https:\/\/api.w.org\/{rel}","templated":true}]}}