{"id":77917,"date":"2024-08-22T01:41:21","date_gmt":"2024-08-22T07:41:21","guid":{"rendered":"http:\/\/mickyandoniehn.com\/radio\/2024\/08\/22\/honduras-avanza-para-poder-identificar-a-las-personas-trans-en-el-rnp\/"},"modified":"2024-08-22T01:41:21","modified_gmt":"2024-08-22T07:41:21","slug":"honduras-avanza-para-poder-identificar-a-las-personas-trans-en-el-rnp","status":"publish","type":"post","link":"https:\/\/mickyandoniehn.com\/radio\/2024\/08\/22\/honduras-avanza-para-poder-identificar-a-las-personas-trans-en-el-rnp\/","title":{"rendered":"Honduras avanza para poder identificar a las personas trans en el RNP"},"content":{"rendered":"<p class=\"sub-parrafo thridlimit mt-0 mb-2\">Vicky Hern\u00e1ndez fue una trabajadora sexual y activista de la organizaci\u00f3n por la defensa de los derechos de las personas trans Unidad Color Rosa.<\/p>\n<div class=\"d-flex justify-content-start\">\n<div class=\"row w-100 p-0 m-0\">\n<div class=\"mr-2\"><\/div>\n<div><strong>21.08.24<\/strong><\/p>\n<p>El\u00a0<strong>Registro Nacional de las Personas de Honduras<\/strong>\u00a0(RNP) avanza en el proceso de un mecanismo que permitir\u00e1 la identificaci\u00f3n de las personas trans que deseen cambiarse el nombre en su\u00a0<strong>Documento Nacional de Identificaci\u00f3n<\/strong>\u00a0(DNI), inform\u00f3 este martes a EFE una fuente oficial.<\/p>\n<p>El proceso avanza en cumplimiento de la sentencia, de 2021, de la\u00a0<strong>Corte Interamericana de Derechos Humanos<\/strong>\u00a0(CorteIDH), \u00abCaso Vicky Hern\u00e1ndez\u00bb, dijo a EFE en Tegucigalpa Rolando Katt\u00e1n, uno de los tres comisionados del RNP.<\/p>\n<p>Agreg\u00f3 que como RNP se ha venido trabajando muy de cerca con la\u00a0<strong>Organizaci\u00f3n de Estados Americanos<\/strong>\u00a0(OEA), la Procuradur\u00eda General de la Rep\u00fablica (PGR) y la Corte Suprema de Justicia (CSJ), con el fin de \u00abafinar el procedimiento para el registro de las identidades\u00bb de las personas trans.<\/p>\n<p>\u00abNosotros, el RNP, cumpliendo la sentencia de la Corte Interamericana de Derechos Humanos, somos una instituci\u00f3n registral abierta a dar sentencia y autenticidad jur\u00eddica de todos los actos y hechos vitales de los hondure\u00f1os\u00bb, subray\u00f3 Kattan.<\/p>\n<p><strong>Vicky Hern\u00e1ndez<\/strong>\u00a0fue una trabajadora sexual y activista de la organizaci\u00f3n por la defensa de los derechos de las personas trans\u00a0<strong>Unidad Color Rosa<\/strong>.<\/p>\n<p>El\u00a0<strong>28 de junio de 2009<\/strong>, cuando fue derrocado el entonces presidente de Honduras, Manuel Zelaya, Hern\u00e1ndez fue asesinada en las calles de San Pedro Sula (norte), la segunda ciudad m\u00e1s importante del pa\u00eds centroamericano.<\/p>\n<p>Su caso fue llevado hasta la CorteIDH, que en una sentencia de junio de 2021 declar\u00f3 que el\u00a0<strong>Estado de Honduras era \u00abresponsable por la violaci\u00f3n al derecho a la vida<\/strong>\u00a0y a la integridad personal en perjuicio de Vicky Hern\u00e1ndez, mujer trans-g\u00e9nero, trabajadora sexual y defensora de los derechos de las mujeres trans\u00bb.<\/p>\n<p>La misma sentencia orden\u00f3 al Estado de Honduras \u00abadoptar un procedimiento para el reconocimiento de la identidad de g\u00e9nero que permita a las personas adecuar sus datos de identidad, en los documentos de identidad y en los registros p\u00fablicos de conformidad con su identidad de g\u00e9nero auto-percibida\u00bb.<\/p>\n<p>Tambi\u00e9n, \u00abadoptar un protocolo de investigaci\u00f3n y administraci\u00f3n de justicia durante los procesos penales para casos de\u00a0<strong>personas LGBTI<\/strong>\u00a0(lesbianas, gais, bisexuales, transexuales e intersexuales) v\u00edctimas de violencia\u00bb, entre otras medidas.<\/p>\n<p>Kattan se\u00f1al\u00f3 que para que el RNP pueda hacer la inscripci\u00f3n de las personas trans, se debe completar una serie de pasos.<\/p>\n<p>Hasta ahora no hay una fecha prevista sobre cu\u00e1ndo estar\u00e1 concluido el procedimiento.<\/p>\n<p>\u00abHonduras necesita un entendimiento muy profundo de qu\u00e9 es sexo y qu\u00e9 es identidad de g\u00e9nero, y en funci\u00f3n de eso, qu\u00e9 identifica y qu\u00e9 registra. Nosotros como Registro Nacional de las Personas registramos el nacimiento y por ende registramos el sexo de las personas\u00bb, agreg\u00f3.<\/p>\n<h2><strong>Aspiraciones pol\u00edticas en pr\u00f3ximos procesos electorales<\/strong><\/h2>\n<p>Sobre el proceso para que las personas trans puedan cambiarse el nombre, la activista trans\u00a0<strong>Rihanna Ferrera<\/strong>\u00a0indic\u00f3 a EFE en Tegucigalpa que la sentencia de la CorteIDH sobre el caso Vicky Hern\u00e1ndez, \u00abha venido a generar derechos hacia la comunidad LGTBI, especialmente a las mujeres trans\u00bb.<\/p>\n<p>Adem\u00e1s, el\u00a0<strong>Estado de Honduras<\/strong>\u00a0\u00abtiene que hacer cumplir esta sentencia y dentro de ella est\u00e1n las reparaciones, el reconocimiento del nombre de las personas transexuales en Honduras\u00bb, algo que \u00abpara nosotras ha sido un camino largo, no un camino f\u00e1cil\u00bb, a\u00f1adi\u00f3.<\/p>\n<p>Ferrera dijo que las mujeres trans organizadas han venido trabajando en una mesa con el RNP y celebrado reuniones con representantes de la OEA para tratar sobre los procedimientos para los cambios de nombre de las personas trans.<\/p>\n<p>\u00abEsto va a beneficiar a la comunidad trans en el tema de garantizar sus derechos humanos\u00bb, recalc\u00f3 Ferrera, quien adem\u00e1s espera que el mecanismo pueda estar listo en el presente a\u00f1o, para que las personas trans no solo puedan votar en las\u00a0<strong>elecciones primarias y generales<\/strong>\u00a0del pa\u00eds que se celebrar\u00e1n en 2025.<\/p>\n<p>\u00abPara nosotras no solo es importante ejercer el sufragio, sino tambi\u00e9n para las que tenemos la visi\u00f3n de poder ser candidatas en las pr\u00f3ximas elecciones como una persona trans\u00bb, indic\u00f3 Ferrera.<\/p>\n<p>Fuente: tunota<\/p>\n<\/div>\n<\/div>\n<\/div>\n","protected":false},"excerpt":{"rendered":"<p>Vicky Hern\u00e1ndez fue una trabajadora sexual y activista de la organizaci\u00f3n por la defensa de los derechos de las personas trans Unidad Color Rosa. 21.08.24 El\u00a0Registro Nacional de las Personas de Honduras\u00a0(RNP) avanza en el proceso de un mecanismo que permitir\u00e1 la identificaci\u00f3n de las personas trans que deseen cambiarse el nombre en su\u00a0Documento Nacional &hellip;<\/p>\n","protected":false},"author":0,"featured_media":77918,"comment_status":"open","ping_status":"open","sticky":false,"template":"","format":"standard","meta":{"_jetpack_memberships_contains_paid_content":false,"footnotes":""},"categories":[5],"tags":[],"class_list":["post-77917","post","type-post","status-publish","format-standard","has-post-thumbnail","","category-noticias"],"jetpack_sharing_enabled":true,"jetpack_featured_media_url":"https:\/\/mickyandoniehn.com\/radio\/wp-content\/uploads\/2024\/08\/principal_honduras-avanza-en-el-proceso-de-identificacion-de-personas-trans-en-el-rnp-WMRrlG.jpeg","_links":{"self":[{"href":"https:\/\/mickyandoniehn.com\/radio\/wp-json\/wp\/v2\/posts\/77917","targetHints":{"allow":["GET"]}}],"collection":[{"href":"https:\/\/mickyandoniehn.com\/radio\/wp-json\/wp\/v2\/posts"}],"about":[{"href":"https:\/\/mickyandoniehn.com\/radio\/wp-json\/wp\/v2\/types\/post"}],"replies":[{"embeddable":true,"href":"https:\/\/mickyandoniehn.com\/radio\/wp-json\/wp\/v2\/comments?post=77917"}],"version-history":[{"count":0,"href":"https:\/\/mickyandoniehn.com\/radio\/wp-json\/wp\/v2\/posts\/77917\/revisions"}],"wp:featuredmedia":[{"embeddable":true,"href":"https:\/\/mickyandoniehn.com\/radio\/wp-json\/wp\/v2\/media\/77918"}],"wp:attachment":[{"href":"https:\/\/mickyandoniehn.com\/radio\/wp-json\/wp\/v2\/media?parent=77917"}],"wp:term":[{"taxonomy":"category","embeddable":true,"href":"https:\/\/mickyandoniehn.com\/radio\/wp-json\/wp\/v2\/categories?post=77917"},{"taxonomy":"post_tag","embeddable":true,"href":"https:\/\/mickyandoniehn.com\/radio\/wp-json\/wp\/v2\/tags?post=77917"}],"curies":[{"name":"wp","href":"https:\/\/api.w.org\/{rel}","templated":true}]}}