{"id":77911,"date":"2024-08-22T01:41:13","date_gmt":"2024-08-22T07:41:13","guid":{"rendered":"http:\/\/mickyandoniehn.com\/radio\/2024\/08\/22\/honduras-vigila-posibles-casos-de-mpox-a-traves-de-salas-de-vigilancia\/"},"modified":"2024-08-22T01:41:13","modified_gmt":"2024-08-22T07:41:13","slug":"honduras-vigila-posibles-casos-de-mpox-a-traves-de-salas-de-vigilancia","status":"publish","type":"post","link":"https:\/\/mickyandoniehn.com\/radio\/2024\/08\/22\/honduras-vigila-posibles-casos-de-mpox-a-traves-de-salas-de-vigilancia\/","title":{"rendered":"Honduras vigila posibles casos de mpox a trav\u00e9s de salas de vigilancia"},"content":{"rendered":"<p class=\"sub-parrafo thridlimit mt-0 mb-2\">En los diferentes puntos fronterizos terrestres, a\u00e9reos y mar\u00edtimos hay \u00bbpresencia de personal de salud, entre ellos m\u00e9dicos, enfermeras y t\u00e9cnicos en salud ambiental\u00bb, indicaron.<\/p>\n<div class=\"d-flex justify-content-start\">\n<div class=\"row w-100 p-0 m-0\">\n<div class=\"mr-2\"><\/div>\n<div><strong>21.08.2024<\/strong><\/div>\n<div>\n<p>Las autoridades sanitarias de\u00a0<strong>Honduras\u00a0<\/strong>anunciaron este martes que activaron\u00a0<strong>puestos\u00a0<\/strong>de\u00a0<strong>vigilancia epidemiol\u00f3gica\u00a0<\/strong>en los diferentes aeropuertos, pasos fronterizos y puertos del pa\u00eds con el fin de\u00a0<strong>detectar casos sospechosos\u00a0<\/strong>de\u00a0<strong>mpox\u00a0<\/strong>(conocida antes como viruela del mono), aunque hasta ahora no se registra ning\u00fan caso de la enfermedad.<\/p>\n<p>\u00bbHemos comenzado un proceso de prevenci\u00f3n y monitoreo del mpox (viruela del mono) para todos los pasajeros nacionales y extranjeros en los aeropuertos del pa\u00eds\u00bb, luego de recibir la alerta de la Organizaci\u00f3n Mundial de la Salud (OMS) sobre la declaraci\u00f3n de emergencia de salud p\u00fablica internacional frente al actual brote en varios pa\u00edses africanos, subray\u00f3 el director del Instituto Nacional de Migraci\u00f3n (INM), Allan Alvarenga.<\/p>\n<p>En los diferentes puntos fronterizos terrestres, a\u00e9reos y mar\u00edtimos hay \u00bbpresencia de personal de salud, entre ellos m\u00e9dicos, enfermeras y t\u00e9cnicos en salud ambiental\u00bb, indic\u00f3 por su lado a medios locales el jefe de Vigilancia Epidemiol\u00f3gica de la Secretar\u00eda de Salud de Honduras, Lorenzo Pav\u00f3n.<\/p>\n<p>\u00bbSi en un avi\u00f3n viene una persona procedente de un lugar donde ya se hayan detectado casos o presente s\u00edntomas, se activar\u00e1n los protocolos de alerta para permitir un abordaje cl\u00ednico y epidemiol\u00f3gico adecuado\u00bb, explic\u00f3 Pav\u00f3n.<\/p>\n<div><\/div>\n<h2>OMS transmite tranquilidad ante brote de mpox en \u00c1frica<\/h2>\n<p>La OMS transmiti\u00f3 este martes un mensaje de tranquilidad ante el brote de mpox en \u00c1frica y un \u00fanico caso detectado en Europa, en un intento por contener las informaciones alarmistas y rumores en torno a esta enfermedad y su modo de transmisi\u00f3n.<\/p>\n<p>El estado de alerta sanitaria que declar\u00f3 la OMS hace unos d\u00edas tiene que ver con la r\u00e1pida expansi\u00f3n y elevada mortalidad de una nueva variante (denominada clado 1b) en \u00c1frica y un primer caso en Suecia, de un viajero que hab\u00eda estado en un \u00e1rea de \u00c1frica donde el virus circula con intensidad.<\/p>\n<p>Esa variante es diferente al denominado clado 2, que caus\u00f3 en 2022 un violento brote en \u00c1frica y cientos de casos en Europa, Norteam\u00e9rica y pa\u00edses de otras regiones.<\/p>\n<p>Fuente: tunota<\/p>\n<\/div>\n<\/div>\n<\/div>\n","protected":false},"excerpt":{"rendered":"<p>En los diferentes puntos fronterizos terrestres, a\u00e9reos y mar\u00edtimos hay \u00bbpresencia de personal de salud, entre ellos m\u00e9dicos, enfermeras y t\u00e9cnicos en salud ambiental\u00bb, indicaron. 21.08.2024 Las autoridades sanitarias de\u00a0Honduras\u00a0anunciaron este martes que activaron\u00a0puestos\u00a0de\u00a0vigilancia epidemiol\u00f3gica\u00a0en los diferentes aeropuertos, pasos fronterizos y puertos del pa\u00eds con el fin de\u00a0detectar casos sospechosos\u00a0de\u00a0mpox\u00a0(conocida antes como viruela del mono), &hellip;<\/p>\n","protected":false},"author":0,"featured_media":77912,"comment_status":"open","ping_status":"open","sticky":false,"template":"","format":"standard","meta":{"_jetpack_memberships_contains_paid_content":false,"footnotes":""},"categories":[5],"tags":[],"class_list":["post-77911","post","type-post","status-publish","format-standard","has-post-thumbnail","","category-noticias"],"jetpack_sharing_enabled":true,"jetpack_featured_media_url":"https:\/\/mickyandoniehn.com\/radio\/wp-content\/uploads\/2024\/08\/principal_instalan_salas_de_vigilancia_mpox-1-8Ofld9.jpeg","_links":{"self":[{"href":"https:\/\/mickyandoniehn.com\/radio\/wp-json\/wp\/v2\/posts\/77911","targetHints":{"allow":["GET"]}}],"collection":[{"href":"https:\/\/mickyandoniehn.com\/radio\/wp-json\/wp\/v2\/posts"}],"about":[{"href":"https:\/\/mickyandoniehn.com\/radio\/wp-json\/wp\/v2\/types\/post"}],"replies":[{"embeddable":true,"href":"https:\/\/mickyandoniehn.com\/radio\/wp-json\/wp\/v2\/comments?post=77911"}],"version-history":[{"count":0,"href":"https:\/\/mickyandoniehn.com\/radio\/wp-json\/wp\/v2\/posts\/77911\/revisions"}],"wp:featuredmedia":[{"embeddable":true,"href":"https:\/\/mickyandoniehn.com\/radio\/wp-json\/wp\/v2\/media\/77912"}],"wp:attachment":[{"href":"https:\/\/mickyandoniehn.com\/radio\/wp-json\/wp\/v2\/media?parent=77911"}],"wp:term":[{"taxonomy":"category","embeddable":true,"href":"https:\/\/mickyandoniehn.com\/radio\/wp-json\/wp\/v2\/categories?post=77911"},{"taxonomy":"post_tag","embeddable":true,"href":"https:\/\/mickyandoniehn.com\/radio\/wp-json\/wp\/v2\/tags?post=77911"}],"curies":[{"name":"wp","href":"https:\/\/api.w.org\/{rel}","templated":true}]}}