{"id":77903,"date":"2024-08-22T01:41:05","date_gmt":"2024-08-22T07:41:05","guid":{"rendered":"http:\/\/mickyandoniehn.com\/radio\/2024\/08\/22\/mas-de-44-mil-menores-afectados-por-dengue-en-honduras-segun-sesal\/"},"modified":"2024-08-22T01:41:05","modified_gmt":"2024-08-22T07:41:05","slug":"mas-de-44-mil-menores-afectados-por-dengue-en-honduras-segun-sesal","status":"publish","type":"post","link":"https:\/\/mickyandoniehn.com\/radio\/2024\/08\/22\/mas-de-44-mil-menores-afectados-por-dengue-en-honduras-segun-sesal\/","title":{"rendered":"M\u00e1s de 44 mil menores afectados por dengue en Honduras, seg\u00fan Sesal"},"content":{"rendered":"<p class=\"is-size-5 is-size-6-mobile is-italic sub-parrafo\">Conozca por qu\u00e9 el dengue est\u00e1 afectando m\u00e1s a los menores de edad en Honduras y las medidas que est\u00e1 tomando la Sesal para contrarrestar la enfermedad.<\/p>\n<div class=\"buttons are-small is-mb-3 is-mt-3\"><\/div>\n<div><strong>21.08.24<\/strong><\/div>\n<div>\n<p>De los\u00a0<strong>109 mil casos<\/strong>\u00a0de dengue que actualmente se reportan en Honduras, m\u00e1s de\u00a0<strong>44 mil<\/strong>\u00a0corresponden a menores de entre 0 y 14 a\u00f1os, inform\u00f3<strong>\u00a0Amy Tovar<\/strong>, coordinadora del Programa de Enfermedades Vectoriales de la Secretar\u00eda de Salud.<\/p>\n<p>\u00abLa poblaci\u00f3n pedi\u00e1trica es uno de los grupos m\u00e1s afectados por el dengue, y esto se debe a que desde 2018 no se hab\u00eda registrado el serotipo 3\u00bb, indic\u00f3 Tovar.<\/p>\n<p>En ese sentido, explic\u00f3 que los ni\u00f1os nacidos entre 2018 y la actualidad son m\u00e1s susceptibles a contraer dengue.<\/p>\n<p>Adem\u00e1s, cuestion\u00f3 las acciones de algunos padres que deciden automedicar a sus hijos, y mencion\u00f3 que esperar a que los s\u00edntomas se agraven aumenta el riesgo de mortalidad.<\/p>\n<p>El Instituto Hondure\u00f1o de Seguridad Social (IHSS) reporta que atiende m\u00e1s de\u00a0<strong>200 casos<\/strong>\u00a0semanales por sintomatolog\u00eda de dengue, y la mayor\u00eda de los pacientes son menores de edad.<\/p>\n<p>De los ni\u00f1os que llegan al Seguro Social, la mayor\u00eda pasa a observaci\u00f3n m\u00e9dica, mientras que un 6 % debe esperar por un cupo.<\/p>\n<p class=\"is-size-4 is-blockquote has-text-weight-bolder\">Por su parte, la pediatra<strong>\u00a0Leda Z\u00faniga<\/strong>\u00a0mencion\u00f3 que los\u00a0<a href=\"https:\/\/www.radiohrn.hn\/la-muerte-por-dengue-de-3-ninos-de-5-y-6-meses-y-tres-anos-se-registra-en-honduras-2024-08-09\">s\u00edntomas m\u00e1s comunes del dengue\u00a0<\/a>son dolor abdominal, v\u00f3mitos y sangrado.<\/p>\n<p>\u00abSi el menor presenta fiebre alta por un periodo prolongado, lo recomendable es acudir a una sala de emergencias. A los padres se les pide que no esperen m\u00e1s de 48 horas para llevar a sus hijos al m\u00e9dico\u00bb, dijo la doctora.<\/p>\n<p>En el Hospital Escuela, durante la \u00faltima semana se han reportado\u00a0<strong>60 menores<\/strong>\u00a0hospitalizados por dengue, de los cuales\u00a0<strong>17<\/strong>\u00a0est\u00e1n bajo vigilancia y\u00a0<strong>43<\/strong>\u00a0se encuentran estables.<\/p>\n<p>La Comisi\u00f3n Contra el Dengue de la Universidad Nacional Aut\u00f3noma de Honduras (UNAH)\u00a0<strong>advirti\u00f3 que el principal s\u00edntoma es la fiebre,<\/strong>\u00a0y que esta suele ir acompa\u00f1ada de afectaciones en los ojos de los menores.<\/p>\n<p class=\"is-size-5 paragraph\">\n<h2>Honduras en emergencia por dengue<\/h2>\n<p>En 2024, Honduras ha declarado una\u00a0<strong>emergencia sanitaria nacional<\/strong>\u00a0debido al alarmante aumento de casos de dengue<a href=\"https:\/\/www.radiohrn.hn\/carlos-umana-advierte-sobre-posibles-muertes-por-dengue-en-agosto-2024-07-23\">. Hasta finales de julio, se han reportado m\u00e1s de\u00a0<strong>99,000 casos<\/strong>\u00a0de dengue en todo el pa\u00eds<\/a>, con al menos\u00a0<strong>115 muertes<\/strong>\u00a0confirmadas o sospechosas a causa de la enfermedad\u200b.<\/p>\n<p>El dengue ha impactado especialmente a los menores de edad, quienes representan la mayor\u00eda de los pacientes hospitalizados. Los departamentos m\u00e1s afectados incluyen\u00a0<strong>Cort\u00e9s, Francisco Moraz\u00e1n, Atl\u00e1ntida, Yoro y La Paz\u200b<\/strong>.<\/p>\n<h2>Llegar\u00e1n vacunas contra el dengue<\/h2>\n<p>La Secretar\u00eda de Salud (<strong>Sesal<\/strong>) de Honduras anunci\u00f3\u00a0<a href=\"https:\/\/www.radiohrn.hn\/vacuna-dengue-contra-llegara-honduras-octubre-anuncia-sesal-2024-08-20\">que en octubre de 2024\u00a0<strong>llegar\u00e1n al pa\u00eds las primeras 57,000 dosis de la vacuna contra el dengue<\/strong><\/a>, como parte de las acciones de prevenci\u00f3n y control que est\u00e1n siendo implementadas contra la enfermedad.<\/p>\n<p>Fuente: HRN<\/p>\n<\/div>\n","protected":false},"excerpt":{"rendered":"<p>Conozca por qu\u00e9 el dengue est\u00e1 afectando m\u00e1s a los menores de edad en Honduras y las medidas que est\u00e1 tomando la Sesal para contrarrestar la enfermedad. 21.08.24 De los\u00a0109 mil casos\u00a0de dengue que actualmente se reportan en Honduras, m\u00e1s de\u00a044 mil\u00a0corresponden a menores de entre 0 y 14 a\u00f1os, inform\u00f3\u00a0Amy Tovar, coordinadora del Programa &hellip;<\/p>\n","protected":false},"author":0,"featured_media":77904,"comment_status":"open","ping_status":"open","sticky":false,"template":"","format":"standard","meta":{"_jetpack_memberships_contains_paid_content":false,"footnotes":""},"categories":[5],"tags":[],"class_list":["post-77903","post","type-post","status-publish","format-standard","has-post-thumbnail","","category-noticias"],"jetpack_sharing_enabled":true,"jetpack_featured_media_url":"https:\/\/mickyandoniehn.com\/radio\/wp-content\/uploads\/2024\/08\/principal_casos_dengue_honduras-PN70XN.jpeg","_links":{"self":[{"href":"https:\/\/mickyandoniehn.com\/radio\/wp-json\/wp\/v2\/posts\/77903","targetHints":{"allow":["GET"]}}],"collection":[{"href":"https:\/\/mickyandoniehn.com\/radio\/wp-json\/wp\/v2\/posts"}],"about":[{"href":"https:\/\/mickyandoniehn.com\/radio\/wp-json\/wp\/v2\/types\/post"}],"replies":[{"embeddable":true,"href":"https:\/\/mickyandoniehn.com\/radio\/wp-json\/wp\/v2\/comments?post=77903"}],"version-history":[{"count":0,"href":"https:\/\/mickyandoniehn.com\/radio\/wp-json\/wp\/v2\/posts\/77903\/revisions"}],"wp:featuredmedia":[{"embeddable":true,"href":"https:\/\/mickyandoniehn.com\/radio\/wp-json\/wp\/v2\/media\/77904"}],"wp:attachment":[{"href":"https:\/\/mickyandoniehn.com\/radio\/wp-json\/wp\/v2\/media?parent=77903"}],"wp:term":[{"taxonomy":"category","embeddable":true,"href":"https:\/\/mickyandoniehn.com\/radio\/wp-json\/wp\/v2\/categories?post=77903"},{"taxonomy":"post_tag","embeddable":true,"href":"https:\/\/mickyandoniehn.com\/radio\/wp-json\/wp\/v2\/tags?post=77903"}],"curies":[{"name":"wp","href":"https:\/\/api.w.org\/{rel}","templated":true}]}}