{"id":77833,"date":"2024-08-20T07:13:01","date_gmt":"2024-08-20T13:13:01","guid":{"rendered":"http:\/\/mickyandoniehn.com\/radio\/2024\/08\/20\/honduras-en-la-historia-20-de-agosto-1972-fallece-juan-manuel-galvez\/"},"modified":"2024-08-20T07:13:01","modified_gmt":"2024-08-20T13:13:01","slug":"honduras-en-la-historia-20-de-agosto-1972-fallece-juan-manuel-galvez","status":"publish","type":"post","link":"https:\/\/mickyandoniehn.com\/radio\/2024\/08\/20\/honduras-en-la-historia-20-de-agosto-1972-fallece-juan-manuel-galvez\/","title":{"rendered":"Honduras en la Historia:  20 de Agosto 1972 Fallece Juan Manuel G\u00e1lvez"},"content":{"rendered":"<\/p>\n<div class=\"xdj266r x11i5rnm xat24cr x1mh8g0r x1vvkbs x126k92a\">\n<div>Hondurasensusmanos\/hoyenlahistoria, 10 de junio de 1887<\/div>\n<div>Nace Juan Manuel G\u00e1lvez<\/div>\n<div><\/div>\n<\/div>\n<div class=\"x11i5rnm xat24cr x1mh8g0r x1vvkbs xtlvy1s x126k92a\">\n<div>Naci\u00f3 en Tegucigalpa el 10 de junio de 1887. Abogado y figura pol\u00edtica del partido Nacional. Fue ministro de Guerra, Marina y Aviaci\u00f3n en el r\u00e9gimen del General Car\u00edas Andino y Presidente de la Rep\u00fablica del 1 de enero de 1949 al 16 de noviembre de 1954. Busc\u00f3 la reconciliaci\u00f3n de los hondure\u00f1os.<\/div>\n<\/div>\n<div class=\"x11i5rnm xat24cr x1mh8g0r x1vvkbs xtlvy1s x126k92a\">\n<div>Durante su per\u00edodo hubo un mejoramiento de la econom\u00eda nacional, s\u00e9 moderniz\u00f3 la administraci\u00f3n p\u00fablica y se cre\u00f3 el Banco Central de Honduras. Tambi\u00e9n estall\u00f3 la gran huelga de trabajadores bananeros de la Costa Norte (1954) que dio origen al actual movimiento sindical.<\/div>\n<div><\/div>\n<\/div>\n<div class=\"x11i5rnm xat24cr x1mh8g0r x1vvkbs xtlvy1s x126k92a\">\n<div>Antes de terminar su per\u00edodo de gobierno entreg\u00f3 el poder al Vicepresidente Julio Lozano D\u00edaz en 1954. Muri\u00f3 en Tegucigalpa el 20 de agosto de 1972.<\/div>\n<div><\/div>\n<\/div>\n<div class=\"x11i5rnm xat24cr x1mh8g0r x1vvkbs xtlvy1s x126k92a\">\n<div>El Dr. Juan Manuel G\u00e1lvez fue ministro de Guerra, Marina y Aviaci\u00f3n durante la Presidencia de diez y seis a\u00f1os del General Tiburcio Car\u00edas Andino, sali\u00f3 electo por el pueblo como Presidente y como Vice-Presidente el Perito Mercantil Julio Lozano D\u00edaz. Ning\u00fan gobierno ha sido mas progresista y efectivo en Honduras que el del Dr. G\u00e1lvez. Independizado del General Car\u00edas se rode\u00f3 de elementos aptos para gobernar: construyo carreteras, proyecto de luz y fuerza el\u00e9ctrica y de agua potable much\u00edsimas poblaciones: cre\u00f3 el Banco Central de Honduras, quit\u00e1ndoles para siempre la regal\u00eda que por tantos a\u00f1os hab\u00edan venido disfrutando bancos particulares: fundo el Banco Nacional de Fomento para impulsar la agricultura y estimular nuevo cultivos en la Rep\u00fablica; cancel\u00f3 la deuda externa e interna que ven\u00edan gravando el Erario Nacional, abriendo el Cr\u00e9dito Internacional para Honduras; cre\u00f3 el Impuesto Sobre la Renta de modo cient\u00edfico, logrando que el Presupuesto se elevara de veinte a sesenta millones de lempiras. Bajo la paz que implant\u00f3 durante su per\u00edodo hubo completo orden y progreso. No hubo reos pol\u00edticos ni exiliados; convoc\u00f3 a elecciones de autoridades supremas, present\u00e1ndose tres candidaturas: la del General Car\u00edas Andino, por el Partido Nacional: la del General Abraham Williams Calder\u00f3n por el Partido Reformista y del Dr. Ram\u00f3n Villeda Morales por el Partido Liberal; se repiti\u00f3 el caso de 1903 y el de 1923, cuando ninguno de los tres candidatos obtuvo la mayor\u00eda absoluta. El Presidente G\u00e1lvez, sinti\u00e9ndose enfermo el 16 de noviembre de 1954, dej\u00f3 el Poder en manos del Vice-Presidente Lozano D\u00edaz y se march\u00f3 a Panam\u00e1.<\/div>\n<div><\/div>\n<\/div>\n<p>\u00a0<\/p>\n","protected":false},"excerpt":{"rendered":"<p>Hondurasensusmanos\/hoyenlahistoria, 10 de junio de 1887 Nace Juan Manuel G\u00e1lvez Naci\u00f3 en Tegucigalpa el 10 de junio de 1887. Abogado y figura pol\u00edtica del partido Nacional. Fue ministro de Guerra, Marina y Aviaci\u00f3n en el r\u00e9gimen del General Car\u00edas Andino y Presidente de la Rep\u00fablica del 1 de enero de 1949 al 16 de noviembre &hellip;<\/p>\n","protected":false},"author":0,"featured_media":77834,"comment_status":"open","ping_status":"open","sticky":false,"template":"","format":"standard","meta":{"_jetpack_memberships_contains_paid_content":false,"footnotes":""},"categories":[5],"tags":[],"class_list":["post-77833","post","type-post","status-publish","format-standard","has-post-thumbnail","","category-noticias"],"jetpack_sharing_enabled":true,"jetpack_featured_media_url":"https:\/\/mickyandoniehn.com\/radio\/wp-content\/uploads\/2024\/08\/20.3-m8tB14.png","_links":{"self":[{"href":"https:\/\/mickyandoniehn.com\/radio\/wp-json\/wp\/v2\/posts\/77833","targetHints":{"allow":["GET"]}}],"collection":[{"href":"https:\/\/mickyandoniehn.com\/radio\/wp-json\/wp\/v2\/posts"}],"about":[{"href":"https:\/\/mickyandoniehn.com\/radio\/wp-json\/wp\/v2\/types\/post"}],"replies":[{"embeddable":true,"href":"https:\/\/mickyandoniehn.com\/radio\/wp-json\/wp\/v2\/comments?post=77833"}],"version-history":[{"count":0,"href":"https:\/\/mickyandoniehn.com\/radio\/wp-json\/wp\/v2\/posts\/77833\/revisions"}],"wp:featuredmedia":[{"embeddable":true,"href":"https:\/\/mickyandoniehn.com\/radio\/wp-json\/wp\/v2\/media\/77834"}],"wp:attachment":[{"href":"https:\/\/mickyandoniehn.com\/radio\/wp-json\/wp\/v2\/media?parent=77833"}],"wp:term":[{"taxonomy":"category","embeddable":true,"href":"https:\/\/mickyandoniehn.com\/radio\/wp-json\/wp\/v2\/categories?post=77833"},{"taxonomy":"post_tag","embeddable":true,"href":"https:\/\/mickyandoniehn.com\/radio\/wp-json\/wp\/v2\/tags?post=77833"}],"curies":[{"name":"wp","href":"https:\/\/api.w.org\/{rel}","templated":true}]}}