{"id":77829,"date":"2024-08-20T01:37:16","date_gmt":"2024-08-20T07:37:16","guid":{"rendered":"http:\/\/mickyandoniehn.com\/radio\/2024\/08\/20\/superluna-de-esturion-2024-como-y-donde-ver-este-fenomeno\/"},"modified":"2024-08-20T01:37:16","modified_gmt":"2024-08-20T07:37:16","slug":"superluna-de-esturion-2024-como-y-donde-ver-este-fenomeno","status":"publish","type":"post","link":"https:\/\/mickyandoniehn.com\/radio\/2024\/08\/20\/superluna-de-esturion-2024-como-y-donde-ver-este-fenomeno\/","title":{"rendered":"Superluna de Esturi\u00f3n 2024: \u00bfc\u00f3mo y d\u00f3nde ver este fen\u00f3meno?"},"content":{"rendered":"<\/p>\n<p>19.08.2024<\/p>\n<p>La noche del 19 de agosto, los amantes de la astronom\u00eda tendr\u00e1n la gran oportunidad de observar la superluna de Esturi\u00f3n que este a\u00f1o coincide con la superluna azul. La rara combinaci\u00f3n es un espect\u00e1culo c\u00f3smico que ocurre aproximadamente cada diez a\u00f1os. Se estima que las pr\u00f3ximas superlunas azules ocurrir\u00e1n en enero y marzo de 2037.<\/p>\n<h3>\u00bfQu\u00e9 es una superluna azul?<\/h3>\n<p>Se trata de fen\u00f3menos que se producen cuando la \u00f3rbita de la Luna alrededor de la Tierra no es un c\u00edrculo perfecto, sino una trayectoria el\u00edptica, por lo tanto, se encuentra m\u00e1s cercana a\u00a0nuestro planeta y parece\u00a0ser un poco m\u00e1s grande para los espectadores. De acuerdo con la\u00a0NASA, en este momento\u00a0la superluna es un 14 % m\u00e1s grande y un 30 % m\u00e1s reluciente\u00a0que cuando est\u00e1 en su punto m\u00e1s alejado de la Tierra,\u00a0a unos 405.500 kil\u00f3metros.<\/p>\n<div class=\"ReadMore-root Section-root Section-is1to3-xs_is1to1\">\n<div class=\"Section-container Section-isRow-isTop-isWrap\">\n<div class=\"Card-imageWrap\">\n<div class=\"Card-picture\">A pesar de su nombre, no habr\u00e1 ning\u00fan cambio de color en la luna, y el t\u00e9rmino, establecido en el siglo XVI, no se\u00a0usa para referirse al color de la superficie del sat\u00e9lite natural, sino para\u00a0designar a la segunda Luna llena\u00a0de un mismo mes. De hecho,\u00a0la luna ser\u00e1 m\u00e1s roja o amarilla\u00a0debido a la refracci\u00f3n de la luz en la atm\u00f3sfera alrededor del horizonte.\u00a0<\/div>\n<\/div>\n<\/div>\n<\/div>\n<h3>\u00bfPor qu\u00e9 lleva\u00a0el\u00a0peculiar nombre de Esturi\u00f3n?<\/h3>\n<p>El origen de este raro\u00a0nombre\u00a0est\u00e1 vinculado a las tradiciones de los nativos americanos, espec\u00edficamente\u00a0los algonquinos, una de las tribus m\u00e1s extendidas de Norteam\u00e9rica, para\u00a0quienes los ciclos de la naturaleza eran fundamentales en su vida cotidiana. El mes de agosto era sumamente importante en cuanto a\u00a0la pesca del esturi\u00f3n, un pez de gran tama\u00f1o y valor que abundaba en lagos y otros cuerpos de agua de la regi\u00f3n durante esta \u00e9poca del a\u00f1o. Por consiguiente, los algonquinos comenzaron a llamar a la luna llena de agosto como la \u2018Luna de Esturi\u00f3n\u2019, cuyo nombre permanece hasta ahora.<\/p>\n<h3>\u00bfC\u00f3mo y d\u00f3nde ver el fen\u00f3meno?<\/h3>\n<p>El mejor momento para observar este lunes\u00a0la combinaci\u00f3n de la superluna de Esturi\u00f3n y la superluna azul ser\u00e1 justo\u00a0despu\u00e9s del atardecer, cuando la luna empiece a elevarse sobre el horizonte, as\u00ed como\u00a0durante la madrugada, cuando se sit\u00fae en lo m\u00e1s alto del cielo.<\/p>\n<p>En ciudades de\u00a0Sudam\u00e9rica\u00a0como Lima, Santiago, Buenos Aires y Bogot\u00e1, la superluna ser\u00e1 visible entre las 18:30 y las 19:30, dependiendo de la zona horaria.<\/p>\n<p>La visibilidad de la superluna azul ser\u00e1 excelente en toda Am\u00e9rica Latina, sin embargo, se aconseja encontrar\u00a0un lugar\u00a0con buena vista hacia el horizonte y poca contaminaci\u00f3n lum\u00ednica. En este sentido, las zonas rurales y las reservas naturales son ideales para observar el cielo nocturno sin la interferencia de las luces urbanas.<\/p>\n<p>Fuente: actualidad.rt.com<\/p>\n","protected":false},"excerpt":{"rendered":"<p>19.08.2024 La noche del 19 de agosto, los amantes de la astronom\u00eda tendr\u00e1n la gran oportunidad de observar la superluna de Esturi\u00f3n que este a\u00f1o coincide con la superluna azul. La rara combinaci\u00f3n es un espect\u00e1culo c\u00f3smico que ocurre aproximadamente cada diez a\u00f1os. Se estima que las pr\u00f3ximas superlunas azules ocurrir\u00e1n en enero y marzo &hellip;<\/p>\n","protected":false},"author":0,"featured_media":77830,"comment_status":"open","ping_status":"open","sticky":false,"template":"","format":"standard","meta":{"_jetpack_memberships_contains_paid_content":false,"footnotes":""},"categories":[5],"tags":[],"class_list":["post-77829","post","type-post","status-publish","format-standard","has-post-thumbnail","","category-noticias"],"jetpack_sharing_enabled":true,"jetpack_featured_media_url":"https:\/\/mickyandoniehn.com\/radio\/wp-content\/uploads\/2024\/08\/66c39d1459bf5b7c004fa3ef-sMLXNc.jpeg","_links":{"self":[{"href":"https:\/\/mickyandoniehn.com\/radio\/wp-json\/wp\/v2\/posts\/77829","targetHints":{"allow":["GET"]}}],"collection":[{"href":"https:\/\/mickyandoniehn.com\/radio\/wp-json\/wp\/v2\/posts"}],"about":[{"href":"https:\/\/mickyandoniehn.com\/radio\/wp-json\/wp\/v2\/types\/post"}],"replies":[{"embeddable":true,"href":"https:\/\/mickyandoniehn.com\/radio\/wp-json\/wp\/v2\/comments?post=77829"}],"version-history":[{"count":0,"href":"https:\/\/mickyandoniehn.com\/radio\/wp-json\/wp\/v2\/posts\/77829\/revisions"}],"wp:featuredmedia":[{"embeddable":true,"href":"https:\/\/mickyandoniehn.com\/radio\/wp-json\/wp\/v2\/media\/77830"}],"wp:attachment":[{"href":"https:\/\/mickyandoniehn.com\/radio\/wp-json\/wp\/v2\/media?parent=77829"}],"wp:term":[{"taxonomy":"category","embeddable":true,"href":"https:\/\/mickyandoniehn.com\/radio\/wp-json\/wp\/v2\/categories?post=77829"},{"taxonomy":"post_tag","embeddable":true,"href":"https:\/\/mickyandoniehn.com\/radio\/wp-json\/wp\/v2\/tags?post=77829"}],"curies":[{"name":"wp","href":"https:\/\/api.w.org\/{rel}","templated":true}]}}