{"id":77799,"date":"2024-08-19T12:12:31","date_gmt":"2024-08-19T18:12:31","guid":{"rendered":"http:\/\/mickyandoniehn.com\/radio\/2024\/08\/19\/gundogan-deja-la-seleccion-alemana\/"},"modified":"2024-08-19T12:12:31","modified_gmt":"2024-08-19T18:12:31","slug":"gundogan-deja-la-seleccion-alemana","status":"publish","type":"post","link":"https:\/\/mickyandoniehn.com\/radio\/2024\/08\/19\/gundogan-deja-la-seleccion-alemana\/","title":{"rendered":"G\u00fcndogan deja la selecci\u00f3n alemana"},"content":{"rendered":"<\/p>\n<p>19.08.2024<\/p>\n<p><strong>Berl\u00edn \u2013<\/strong>\u00a0El jugador del Barcelona\u00a0<strong>Ilkay G\u00fcndogan<\/strong>\u00a0ha anunciado el fin de su carrera en la selecci\u00f3n alemana tras disputar 82 partidos internacionales, los \u00faltimos de ellos como capit\u00e1n.<\/p>\n<p>\u00abDespu\u00e9s de unas semanas de reflexi\u00f3n he llegado a la conclusi\u00f3n de que ha llegado el momento de poner fin de mi carrera en la selecci\u00f3n\u00bb, dijo G\u00fcndogan en sus redes sociales.<\/p>\n<p>\u00abEstoy orgulloso de los 82 partidos que jugu\u00e9 para mi pa\u00eds, una cifra que no hubiera so\u00f1ado cuando debut\u00e9 en 2011\u00bb, agreg\u00f3.<\/p>\n<p>G\u00fcndogan agreg\u00f3 que el momento cumbre de su carrera como internacional fue haber sido capit\u00e1n durante la pasada Eurocopa.<\/p>\n<p>\u00abDespu\u00e9s de varios a\u00f1os logramos otra vez por fin darle orgullo a la naci\u00f3. Haber hecho mi aporte como capit\u00e1n me hace feliz\u00bb, dijo.<\/p>\n<p>G\u00fandogan se perdi\u00f3 por lesi\u00f3n el Mundial 2014 con lo que no pudo coronarse campe\u00f3n del mundo con Alemania.<\/p>\n<p>Fuente: Proceso.hn<\/p>\n","protected":false},"excerpt":{"rendered":"<p>19.08.2024 Berl\u00edn \u2013\u00a0El jugador del Barcelona\u00a0Ilkay G\u00fcndogan\u00a0ha anunciado el fin de su carrera en la selecci\u00f3n alemana tras disputar 82 partidos internacionales, los \u00faltimos de ellos como capit\u00e1n. \u00abDespu\u00e9s de unas semanas de reflexi\u00f3n he llegado a la conclusi\u00f3n de que ha llegado el momento de poner fin de mi carrera en la selecci\u00f3n\u00bb, dijo &hellip;<\/p>\n","protected":false},"author":0,"featured_media":77800,"comment_status":"open","ping_status":"open","sticky":false,"template":"","format":"standard","meta":{"_jetpack_memberships_contains_paid_content":false,"footnotes":""},"categories":[5],"tags":[],"class_list":["post-77799","post","type-post","status-publish","format-standard","has-post-thumbnail","","category-noticias"],"jetpack_sharing_enabled":true,"jetpack_featured_media_url":"https:\/\/mickyandoniehn.com\/radio\/wp-content\/uploads\/2024\/08\/Gundogan-696x494-1-nbh1mu.jpeg","_links":{"self":[{"href":"https:\/\/mickyandoniehn.com\/radio\/wp-json\/wp\/v2\/posts\/77799","targetHints":{"allow":["GET"]}}],"collection":[{"href":"https:\/\/mickyandoniehn.com\/radio\/wp-json\/wp\/v2\/posts"}],"about":[{"href":"https:\/\/mickyandoniehn.com\/radio\/wp-json\/wp\/v2\/types\/post"}],"replies":[{"embeddable":true,"href":"https:\/\/mickyandoniehn.com\/radio\/wp-json\/wp\/v2\/comments?post=77799"}],"version-history":[{"count":0,"href":"https:\/\/mickyandoniehn.com\/radio\/wp-json\/wp\/v2\/posts\/77799\/revisions"}],"wp:featuredmedia":[{"embeddable":true,"href":"https:\/\/mickyandoniehn.com\/radio\/wp-json\/wp\/v2\/media\/77800"}],"wp:attachment":[{"href":"https:\/\/mickyandoniehn.com\/radio\/wp-json\/wp\/v2\/media?parent=77799"}],"wp:term":[{"taxonomy":"category","embeddable":true,"href":"https:\/\/mickyandoniehn.com\/radio\/wp-json\/wp\/v2\/categories?post=77799"},{"taxonomy":"post_tag","embeddable":true,"href":"https:\/\/mickyandoniehn.com\/radio\/wp-json\/wp\/v2\/tags?post=77799"}],"curies":[{"name":"wp","href":"https:\/\/api.w.org\/{rel}","templated":true}]}}