{"id":77788,"date":"2024-08-19T01:37:53","date_gmt":"2024-08-19T07:37:53","guid":{"rendered":"http:\/\/mickyandoniehn.com\/radio\/2024\/08\/19\/cuatro-sedes-en-honduras-reciben-la-santa-cena\/"},"modified":"2024-08-19T01:37:53","modified_gmt":"2024-08-19T07:37:53","slug":"cuatro-sedes-en-honduras-reciben-la-santa-cena","status":"publish","type":"post","link":"https:\/\/mickyandoniehn.com\/radio\/2024\/08\/19\/cuatro-sedes-en-honduras-reciben-la-santa-cena\/","title":{"rendered":"Cuatro sedes en Honduras reciben la Santa Cena"},"content":{"rendered":"<p>\u00a0<\/p>\n<p>18.08.2024<\/p>\n<\/p>\n<p>En un ambiente fraterno y de j\u00fabilo espiritual, La Luz del Mundo en Honduras conmemor\u00f3 el sacrificio redentor de Jesucristo mediante la Santa Cena, el acto sagrado m\u00e1s solemne para los fieles de esa iglesia.<\/p>\n<p>Las sedes de celebraci\u00f3n nacional se establecieron en San Pedro Sula, Tegucigalpa, Catacamas y Las Lajas, lugares en los que se impartieron ense\u00f1anzas basadas en la doctrina apost\u00f3lica, y donde los coros del pa\u00eds tuvieron una participaci\u00f3n activa de alabanzas a Dios por su infinita bondad.<\/p>\n<p>La alegr\u00eda se increment\u00f3 el d\u00eda 11 de agosto con la ceremonia de bienvenida, un acto en el que se hicieron presentes valores como la fraternidad, el amor, el respeto y la inclusi\u00f3n.<\/p>\n<p>Con la emoci\u00f3n reflejada en el rostro, las delegaciones avanzaron por el pasillo central mientras el delegado apost\u00f3lico les dec\u00eda: \u201cSean todos bienvenidos\u201d.<\/p>\n<p>\u201cNos sentimos inmensamente felices por esta celebraci\u00f3n que re\u00fane hermanos de todos los departamentos de Honduras en una sola fe y como una sola familia\u00bb, se\u00f1al\u00f3 emocionada la licenciada Nidia Alexia S\u00e1nchez.<\/p>\n<p>En los tres d\u00edas de celebraci\u00f3n se montaron en las sedes exposiciones fotogr\u00e1ficas que evidencian el crecimiento de La Luz del Mundo en temas como la evangelizaci\u00f3n, la infraestructura en templos y la celebraci\u00f3n de santas cenas en diversas partes de Honduras y el mundo. En San Pedro Sula la galer\u00eda se titul\u00f3 \u201cLa comuni\u00f3n de los hijos de Dios\u201d.<\/p>\n<p>El 14 de agosto, en el d\u00eda grande de la Santa Cena, el ambiente de alegr\u00eda, paz y devoci\u00f3n comenz\u00f3 desde las primeras horas del d\u00eda. En el servicio de adoraci\u00f3n celebrado por la tarde de ese d\u00eda, en los c\u00e1nticos de los coros y de la feligres\u00eda se record\u00f3 con piedad y en unidad la muerte, pasi\u00f3n y resurrecci\u00f3n de Jesucristo, en memoria de quien llev\u00f3 a cabo ese magno evento.<\/p>\n<p>Al t\u00e9rmino de la lectura del mensaje apost\u00f3lico lleg\u00f3 el momento de la impartici\u00f3n del pan y el vino, elementos que, tras ser bendecidos con autoridad apost\u00f3lica, fueron de fortaleza y bendici\u00f3n para todos los participantes.<\/p>\n","protected":false},"excerpt":{"rendered":"<p>\u00a0 18.08.2024 En un ambiente fraterno y de j\u00fabilo espiritual, La Luz del Mundo en Honduras conmemor\u00f3 el sacrificio redentor de Jesucristo mediante la Santa Cena, el acto sagrado m\u00e1s solemne para los fieles de esa iglesia. Las sedes de celebraci\u00f3n nacional se establecieron en San Pedro Sula, Tegucigalpa, Catacamas y Las Lajas, lugares en &hellip;<\/p>\n","protected":false},"author":0,"featured_media":77789,"comment_status":"open","ping_status":"open","sticky":false,"template":"","format":"standard","meta":{"_jetpack_memberships_contains_paid_content":false,"footnotes":""},"categories":[5],"tags":[],"class_list":["post-77788","post","type-post","status-publish","format-standard","has-post-thumbnail","","category-noticias"],"jetpack_sharing_enabled":true,"jetpack_featured_media_url":"https:\/\/mickyandoniehn.com\/radio\/wp-content\/uploads\/2024\/08\/Santa-Cena-1-696x356-1-dHn16X.jpeg","_links":{"self":[{"href":"https:\/\/mickyandoniehn.com\/radio\/wp-json\/wp\/v2\/posts\/77788","targetHints":{"allow":["GET"]}}],"collection":[{"href":"https:\/\/mickyandoniehn.com\/radio\/wp-json\/wp\/v2\/posts"}],"about":[{"href":"https:\/\/mickyandoniehn.com\/radio\/wp-json\/wp\/v2\/types\/post"}],"replies":[{"embeddable":true,"href":"https:\/\/mickyandoniehn.com\/radio\/wp-json\/wp\/v2\/comments?post=77788"}],"version-history":[{"count":0,"href":"https:\/\/mickyandoniehn.com\/radio\/wp-json\/wp\/v2\/posts\/77788\/revisions"}],"wp:featuredmedia":[{"embeddable":true,"href":"https:\/\/mickyandoniehn.com\/radio\/wp-json\/wp\/v2\/media\/77789"}],"wp:attachment":[{"href":"https:\/\/mickyandoniehn.com\/radio\/wp-json\/wp\/v2\/media?parent=77788"}],"wp:term":[{"taxonomy":"category","embeddable":true,"href":"https:\/\/mickyandoniehn.com\/radio\/wp-json\/wp\/v2\/categories?post=77788"},{"taxonomy":"post_tag","embeddable":true,"href":"https:\/\/mickyandoniehn.com\/radio\/wp-json\/wp\/v2\/tags?post=77788"}],"curies":[{"name":"wp","href":"https:\/\/api.w.org\/{rel}","templated":true}]}}