{"id":77786,"date":"2024-08-19T01:37:51","date_gmt":"2024-08-19T07:37:51","guid":{"rendered":"http:\/\/mickyandoniehn.com\/radio\/2024\/08\/19\/el-papa-asegura-que-la-pena-de-muerte-no-da-justicia-y-es-veneno-para-la-sociedad\/"},"modified":"2024-08-19T01:37:51","modified_gmt":"2024-08-19T07:37:51","slug":"el-papa-asegura-que-la-pena-de-muerte-no-da-justicia-y-es-veneno-para-la-sociedad","status":"publish","type":"post","link":"https:\/\/mickyandoniehn.com\/radio\/2024\/08\/19\/el-papa-asegura-que-la-pena-de-muerte-no-da-justicia-y-es-veneno-para-la-sociedad\/","title":{"rendered":"El papa asegura que la pena de muerte \u00abno da justicia\u00bb y \u00abes veneno para la sociedad\u00bb"},"content":{"rendered":"<\/p>\n<p><strong>18.08.24<\/strong><\/p>\n<p>El\u00a0<strong>papa Francisco<\/strong>\u00a0reafirm\u00f3 su condena a la\u00a0<a href=\"http:\/\/red%20social%20x\/\">pena de muerte<\/a>\u00a0y asegur\u00f3 \u00abque no da\u00a0<strong>justicia y es un veneno para la sociedad<\/strong>\u00bb en el prefacio del libro recientemente publicado del abogado Dale Recinella, que acompa\u00f1a espiritualmente a los condenados a muerte en Estados Unidos.<\/p>\n<p>En el libro \u2018Un cristiano en el corredor de la muerte\u2019, el papa reitera que \u00abla pena de muerte no es en modo alguno la soluci\u00f3n a la violencia que puede afectar a personas inocentes\u00bb y que las ejecuciones capitales, lejos de proporcionar justicia, alimentan un sentimiento de venganza que se convierte en un veneno peligroso para el cuerpo de nuestras sociedades civiles\u00bb.<\/p>\n<p>\u00abLos Estados deber\u00edan preocuparse por permitir a los prisioneros a oportunidad de cambiar verdaderamente sus vidas, en lugar de invertir dinero y recursos en reprimirlos, como si fueran seres humanos que ya no merecen vivir y ser eliminados\u00bb, escribe Francisco.<\/p>\n<p>Y recuerda que en su novela \u2018El idiota\u2019,\u00a0\u00a0Fyodor Dostoievski \u00abresume impecablemente la insostenibilidad l\u00f3gica y moral de la pena de muerte, hablando de una persona condenada a la pena capital: \u00a1Es una violaci\u00f3n del alma humana, nada m\u00e1s!\u00bb.<\/p>\n<h4><strong>Abolir la pena de muerte<\/strong><\/h4>\n<p>Y pide que el pr\u00f3ximo Jubileo de 2025 \u00abdebe comprometer a todos los creyentes a pedir con una sola voz la abolici\u00f3n de la pena de muerte, una pr\u00e1ctica que, como dice el\u00a0\u00a0Catecismo de la Iglesia cat\u00f3lica: es inadmisible porque atenta contra la inviolabilidad y la dignidad de la persona\u00bb.<\/p>\n<p>Se\u00f1ala que \u00abesta infinita misericordia divina tambi\u00e9n puede escandalizar, como escandaliz\u00f3 a muchas personas en la \u00e9poca de Jes\u00fas\u00bb pero \u00abque el amor de Dios no tiene fronteras ni medida. Y que ni siquiera el m\u00e1s vil de nuestros pecados desfigure nuestra identidad a los ojos de Dios: seguimos siendo sus hijos, amados por \u00e9l, custodiados por \u00e9l y considerados preciosos\u00bb.<\/p>\n<p>Fuente: Radio Am\u00e9rica<\/p>\n","protected":false},"excerpt":{"rendered":"<p>18.08.24 El\u00a0papa Francisco\u00a0reafirm\u00f3 su condena a la\u00a0pena de muerte\u00a0y asegur\u00f3 \u00abque no da\u00a0justicia y es un veneno para la sociedad\u00bb en el prefacio del libro recientemente publicado del abogado Dale Recinella, que acompa\u00f1a espiritualmente a los condenados a muerte en Estados Unidos. En el libro \u2018Un cristiano en el corredor de la muerte\u2019, el papa &hellip;<\/p>\n","protected":false},"author":0,"featured_media":77787,"comment_status":"open","ping_status":"open","sticky":false,"template":"","format":"standard","meta":{"_jetpack_memberships_contains_paid_content":false,"footnotes":""},"categories":[5],"tags":[],"class_list":["post-77786","post","type-post","status-publish","format-standard","has-post-thumbnail","","category-noticias"],"jetpack_sharing_enabled":true,"jetpack_featured_media_url":"https:\/\/mickyandoniehn.com\/radio\/wp-content\/uploads\/2024\/08\/descarga-3-YuPkoa.jpeg","_links":{"self":[{"href":"https:\/\/mickyandoniehn.com\/radio\/wp-json\/wp\/v2\/posts\/77786","targetHints":{"allow":["GET"]}}],"collection":[{"href":"https:\/\/mickyandoniehn.com\/radio\/wp-json\/wp\/v2\/posts"}],"about":[{"href":"https:\/\/mickyandoniehn.com\/radio\/wp-json\/wp\/v2\/types\/post"}],"replies":[{"embeddable":true,"href":"https:\/\/mickyandoniehn.com\/radio\/wp-json\/wp\/v2\/comments?post=77786"}],"version-history":[{"count":0,"href":"https:\/\/mickyandoniehn.com\/radio\/wp-json\/wp\/v2\/posts\/77786\/revisions"}],"wp:featuredmedia":[{"embeddable":true,"href":"https:\/\/mickyandoniehn.com\/radio\/wp-json\/wp\/v2\/media\/77787"}],"wp:attachment":[{"href":"https:\/\/mickyandoniehn.com\/radio\/wp-json\/wp\/v2\/media?parent=77786"}],"wp:term":[{"taxonomy":"category","embeddable":true,"href":"https:\/\/mickyandoniehn.com\/radio\/wp-json\/wp\/v2\/categories?post=77786"},{"taxonomy":"post_tag","embeddable":true,"href":"https:\/\/mickyandoniehn.com\/radio\/wp-json\/wp\/v2\/tags?post=77786"}],"curies":[{"name":"wp","href":"https:\/\/api.w.org\/{rel}","templated":true}]}}