{"id":77674,"date":"2024-08-15T12:13:53","date_gmt":"2024-08-15T18:13:53","guid":{"rendered":"http:\/\/mickyandoniehn.com\/radio\/2024\/08\/15\/honduras-vigila-posible-llegada-de-viruela-simica-y-ya-cuenta-con-la-vacuna\/"},"modified":"2024-08-15T12:13:53","modified_gmt":"2024-08-15T18:13:53","slug":"honduras-vigila-posible-llegada-de-viruela-simica-y-ya-cuenta-con-la-vacuna","status":"publish","type":"post","link":"https:\/\/mickyandoniehn.com\/radio\/2024\/08\/15\/honduras-vigila-posible-llegada-de-viruela-simica-y-ya-cuenta-con-la-vacuna\/","title":{"rendered":"Honduras vigila posible llegada de viruela s\u00edmica y ya cuenta con la vacuna"},"content":{"rendered":"<p class=\"sub-parrafo thridlimit mt-0 mb-2\">Este a\u00f1o Honduras no ha reportado ning\u00fan caso de viruela s\u00edmica; no obstante, se cuenta con la vacuna para hacerle frente a una posible llegada de la enfermedad.<\/p>\n<div class=\"d-flex justify-content-start\">\n<div class=\"row w-100 p-0 m-0\">\n<div class=\"mr-2\"><\/div>\n<div><strong>15.08.24<\/strong><\/div>\n<div>\n<p>La\u00a0<strong>Secretar\u00eda de Salud (Sesal)\u00a0<\/strong>de Honduras inform\u00f3 este jueves que no existen casos de<strong>\u00a0viruela s\u00edmica en lo que va de 2024;<\/strong>\u00a0sin embargo, permanece activa la vigilancia ante la posible detecci\u00f3n de la enfermedad en el pa\u00eds, que ya cuenta con la<strong>\u00a0vacuna<\/strong>\u00a0para hacerle.<\/p>\n<p>\u00abS\u00ed hay en existencia vacunas contra la viruela del mono en Honduras\u00bb y para su aplicaci\u00f3n se deben cumplir algunos criterios epidemiol\u00f3gicos y cl\u00ednicos, entre ellos haber tenido contacto con alg\u00fan enfermo, explic\u00f3 el jefe de vigilancia de salud, Lorenzo Pav\u00f3n.<\/p>\n<p>La Sesal estima que en \u00c1frica, espec\u00edficamente en la Rep\u00fablica Democr\u00e1tica del Congo, se han detectado 14,479 casos y 455 defunciones.<\/p>\n<h2>Eficacia de la vacuna<\/h2>\n<p>En ese sentido, la Organizaci\u00f3n Mundial de la Salud (OMS) busca crear un cerco epidemiol\u00f3gico vacunando en pa\u00edses alrededor de \u00c1frica.<\/p>\n<div><\/div>\n<p>\u00abLa vacuna contra la viruela del mono tiene una eficacia arriba del 94 % hay lotes distribuidos por todo el mundo, la OMS est\u00e1 tratando de hacer una captaci\u00f3n de todos los lotes y hacer un cerco epidemiol\u00f3gico alrededor de los pa\u00edses africanos\u00bb, indic\u00f3 el infest\u00f3logo Manuel Sierra.<\/p>\n<h3>\u00bfQu\u00e9 es la viruela s\u00edmica?<\/h3>\n<p>La viruela s\u00edmica, enfermedad infecciosa causada por un virus del mismo nombre se puede contraer por contacto con personas infectadas, al tocarlas, besarlas o tener relaciones sexuales. Adem\u00e1s, con animales infectados, al cazarlos, despellejarlos o cocinarlos, y con materiales contaminados, como ropa de vestir o de cama o agujas; adem\u00e1s, las embarazadas pueden transmitir el virus al feto.<\/p>\n<h4>S\u00edntomas<\/h4>\n<p>Erupci\u00f3n cut\u00e1nea<br \/>\nEscalofr\u00edos<br \/>\nMialgias<br \/>\nFiebre arriba de 38 grados<br \/>\nCefalea<br \/>\nDolor lumbar<br \/>\nGanglios linf\u00e1ticos inflamados<\/p>\n<h5>La circulaci\u00f3n de esta enfermedad en 2023<\/h5>\n<p>En 2022 hubo 14 casos de viruela s\u00edmica en Honduras (<strong>todos eran hombres<\/strong>); sin embargo, en 2023 se detectaron 30 casos, sin ninguna defunci\u00f3n. Mientras que en 2024 hay cero casos con cero defunciones.<\/p>\n<p>San Pedro Sula 9 casos<br \/>\nCort\u00e9s 8 casos<br \/>\nDistrito Central 6 casos<br \/>\nAtl\u00e1ntida 3 casos<br \/>\nIslas de la Bah\u00eda 4 casos<\/p>\n<h2>Emergencia de salud p\u00fablica internacional<\/h2>\n<p>La Secretar\u00eda de Salud inform\u00f3 que el virus de la viruela s\u00edmica no constituye un peligro para Honduras, luego del anuncio de la OMS sobre la\u00a0<a href=\"https:\/\/www.tunota.com\/mundo\/articulo\/oms-declara-nuevamente-el-mpox-como-una-emergencia-internacional-de-salud-publica-2024-08-14\">Emergencia de Salud p\u00fablica internacional.<\/a><\/p>\n<p>\u201cAnte la Alerta Epidemiol\u00f3gica emitida por la Organizaci\u00f3n Panamericana de la Salud (OPS) el 8 de agosto 2024 sobre la circulaci\u00f3n de la variante del (MPXV clado 1) del virus de la viruela s\u00edmica (M-POX), la Secretar\u00eda de Salud notifica al sistema de salud que no hay casos en el pa\u00eds en el a\u00f1o 2024\u201d, cit\u00f3 el comunicado de la Sesal.<\/p>\n<p>Fuente: tunota<\/p>\n<\/div>\n<\/div>\n<\/div>\n","protected":false},"excerpt":{"rendered":"<p>Este a\u00f1o Honduras no ha reportado ning\u00fan caso de viruela s\u00edmica; no obstante, se cuenta con la vacuna para hacerle frente a una posible llegada de la enfermedad. 15.08.24 La\u00a0Secretar\u00eda de Salud (Sesal)\u00a0de Honduras inform\u00f3 este jueves que no existen casos de\u00a0viruela s\u00edmica en lo que va de 2024;\u00a0sin embargo, permanece activa la vigilancia ante &hellip;<\/p>\n","protected":false},"author":0,"featured_media":0,"comment_status":"open","ping_status":"open","sticky":false,"template":"","format":"standard","meta":{"_jetpack_memberships_contains_paid_content":false,"footnotes":""},"categories":[5],"tags":[],"class_list":["post-77674","post","type-post","status-publish","format-standard","","category-noticias"],"jetpack_sharing_enabled":true,"jetpack_featured_media_url":"","_links":{"self":[{"href":"https:\/\/mickyandoniehn.com\/radio\/wp-json\/wp\/v2\/posts\/77674","targetHints":{"allow":["GET"]}}],"collection":[{"href":"https:\/\/mickyandoniehn.com\/radio\/wp-json\/wp\/v2\/posts"}],"about":[{"href":"https:\/\/mickyandoniehn.com\/radio\/wp-json\/wp\/v2\/types\/post"}],"replies":[{"embeddable":true,"href":"https:\/\/mickyandoniehn.com\/radio\/wp-json\/wp\/v2\/comments?post=77674"}],"version-history":[{"count":0,"href":"https:\/\/mickyandoniehn.com\/radio\/wp-json\/wp\/v2\/posts\/77674\/revisions"}],"wp:attachment":[{"href":"https:\/\/mickyandoniehn.com\/radio\/wp-json\/wp\/v2\/media?parent=77674"}],"wp:term":[{"taxonomy":"category","embeddable":true,"href":"https:\/\/mickyandoniehn.com\/radio\/wp-json\/wp\/v2\/categories?post=77674"},{"taxonomy":"post_tag","embeddable":true,"href":"https:\/\/mickyandoniehn.com\/radio\/wp-json\/wp\/v2\/tags?post=77674"}],"curies":[{"name":"wp","href":"https:\/\/api.w.org\/{rel}","templated":true}]}}