{"id":77672,"date":"2024-08-15T12:13:49","date_gmt":"2024-08-15T18:13:49","guid":{"rendered":"http:\/\/mickyandoniehn.com\/radio\/2024\/08\/15\/sismo-de-baja-magnitud-se-registra-en-nueva-ocotepeque\/"},"modified":"2024-08-15T12:13:49","modified_gmt":"2024-08-15T18:13:49","slug":"sismo-de-baja-magnitud-se-registra-en-nueva-ocotepeque","status":"publish","type":"post","link":"https:\/\/mickyandoniehn.com\/radio\/2024\/08\/15\/sismo-de-baja-magnitud-se-registra-en-nueva-ocotepeque\/","title":{"rendered":"Sismo de baja magnitud se registra en Nueva Ocotepeque"},"content":{"rendered":"<\/p>\n<p><strong>15.08.24<\/strong><\/p>\n<p>La Secretar\u00eda de Estado en los Despachos de Gesti\u00f3n de Riesgos y Contingencias Nacionales (Copeco) inform\u00f3 que la ma\u00f1ana de este jueves 15 de agosto se registr\u00f3 un sismo de magnitud 2.7 en el municipio de Nueva Ocotepeque, en el departamento de Ocotepeque, Honduras.<\/p>\n<p>El temblor tuvo una profundidad de 3 kil\u00f3metros.<\/p>\n<p>Las autoridades no han reportado da\u00f1os materiales ni v\u00edctimas a causa del sismo, aunque se mantienen vigilantes ante cualquier r\u00e9plica o evento s\u00edsmico adicional en la zona.<\/p>\n<\/p>\n<p>Fuente: La Tribuna<\/p>\n","protected":false},"excerpt":{"rendered":"<p>15.08.24 La Secretar\u00eda de Estado en los Despachos de Gesti\u00f3n de Riesgos y Contingencias Nacionales (Copeco) inform\u00f3 que la ma\u00f1ana de este jueves 15 de agosto se registr\u00f3 un sismo de magnitud 2.7 en el municipio de Nueva Ocotepeque, en el departamento de Ocotepeque, Honduras. El temblor tuvo una profundidad de 3 kil\u00f3metros. Las autoridades &hellip;<\/p>\n","protected":false},"author":0,"featured_media":0,"comment_status":"open","ping_status":"open","sticky":false,"template":"","format":"standard","meta":{"_jetpack_memberships_contains_paid_content":false,"footnotes":""},"categories":[5],"tags":[],"class_list":["post-77672","post","type-post","status-publish","format-standard","","category-noticias"],"jetpack_sharing_enabled":true,"jetpack_featured_media_url":"","_links":{"self":[{"href":"https:\/\/mickyandoniehn.com\/radio\/wp-json\/wp\/v2\/posts\/77672","targetHints":{"allow":["GET"]}}],"collection":[{"href":"https:\/\/mickyandoniehn.com\/radio\/wp-json\/wp\/v2\/posts"}],"about":[{"href":"https:\/\/mickyandoniehn.com\/radio\/wp-json\/wp\/v2\/types\/post"}],"replies":[{"embeddable":true,"href":"https:\/\/mickyandoniehn.com\/radio\/wp-json\/wp\/v2\/comments?post=77672"}],"version-history":[{"count":0,"href":"https:\/\/mickyandoniehn.com\/radio\/wp-json\/wp\/v2\/posts\/77672\/revisions"}],"wp:attachment":[{"href":"https:\/\/mickyandoniehn.com\/radio\/wp-json\/wp\/v2\/media?parent=77672"}],"wp:term":[{"taxonomy":"category","embeddable":true,"href":"https:\/\/mickyandoniehn.com\/radio\/wp-json\/wp\/v2\/categories?post=77672"},{"taxonomy":"post_tag","embeddable":true,"href":"https:\/\/mickyandoniehn.com\/radio\/wp-json\/wp\/v2\/tags?post=77672"}],"curies":[{"name":"wp","href":"https:\/\/api.w.org\/{rel}","templated":true}]}}