{"id":77457,"date":"2024-08-10T10:13:07","date_gmt":"2024-08-10T16:13:07","guid":{"rendered":"http:\/\/mickyandoniehn.com\/radio\/2024\/08\/10\/un-avion-cae-en-vertical-en-pleno-vuelo-causando-61-muertos-en-brasil\/"},"modified":"2024-08-10T10:13:07","modified_gmt":"2024-08-10T16:13:07","slug":"un-avion-cae-en-vertical-en-pleno-vuelo-causando-61-muertos-en-brasil","status":"publish","type":"post","link":"https:\/\/mickyandoniehn.com\/radio\/2024\/08\/10\/un-avion-cae-en-vertical-en-pleno-vuelo-causando-61-muertos-en-brasil\/","title":{"rendered":"Un avi\u00f3n cae en vertical en pleno vuelo causando 61 muertos en Brasil"},"content":{"rendered":"<p>Tegucigalpa | 10.08.2024<\/p>\n<p>Un avi\u00f3n con 61 personas a bordo se estrell\u00f3 este viernes en una zona residencial en el municipio brasile\u00f1o de Vinhedo, en el estado de S\u00e3o Paulo, en un accidente en el que no hubo supervivientes.<\/p>\n<p>El aparato, de la aerol\u00ednea Voepass, cay\u00f3 en vertical, girando sobre s\u00ed mismo, hasta estrellarse en una zona de vegetaci\u00f3n dentro de una urbanizaci\u00f3n residencial, cerca de una vivienda.<\/p>\n<p>No hubo sobrevivientes entre los 61 ocupantes del avi\u00f3n, entre ellos 57 pasajeros y 4 tripulantes, seg\u00fan informaron las autoridades brasile\u00f1as.<\/p>\n<p>Inicialmente, las autoridades dijeron que hab\u00eda 62 pasajeros en el vuelo, pero horas despu\u00e9s la aerol\u00ednea corrigi\u00f3 la informaci\u00f3n, bajando a 61 la cifra de fallecidos, seg\u00fan confirm\u00f3 el director de la Agencia Nacional de Aviaci\u00f3n Civil (ANAC), Luiz Ricardo de Souza, en una rueda de prensa en Brasilia.<\/p>\n<p><a href=\"https:\/\/i2.wp.com\/hondudiario.com\/wp-content\/uploads\/2024\/08\/FotoJet-73-1.png?ssl=1\">Fuente: Hondudiario\u00a0<\/a><\/p>\n","protected":false},"excerpt":{"rendered":"<p>Tegucigalpa | 10.08.2024 Un avi\u00f3n con 61 personas a bordo se estrell\u00f3 este viernes en una zona residencial en el municipio brasile\u00f1o de Vinhedo, en el estado de S\u00e3o Paulo, en un accidente en el que no hubo supervivientes. El aparato, de la aerol\u00ednea Voepass, cay\u00f3 en vertical, girando sobre s\u00ed mismo, hasta estrellarse en &hellip;<\/p>\n","protected":false},"author":0,"featured_media":77458,"comment_status":"open","ping_status":"open","sticky":false,"template":"","format":"standard","meta":{"_jetpack_memberships_contains_paid_content":false,"footnotes":""},"categories":[5],"tags":[],"class_list":["post-77457","post","type-post","status-publish","format-standard","has-post-thumbnail","","category-noticias"],"jetpack_sharing_enabled":true,"jetpack_featured_media_url":"https:\/\/mickyandoniehn.com\/radio\/wp-content\/uploads\/2024\/08\/IMG_9896-K8uy4L.png","_links":{"self":[{"href":"https:\/\/mickyandoniehn.com\/radio\/wp-json\/wp\/v2\/posts\/77457","targetHints":{"allow":["GET"]}}],"collection":[{"href":"https:\/\/mickyandoniehn.com\/radio\/wp-json\/wp\/v2\/posts"}],"about":[{"href":"https:\/\/mickyandoniehn.com\/radio\/wp-json\/wp\/v2\/types\/post"}],"replies":[{"embeddable":true,"href":"https:\/\/mickyandoniehn.com\/radio\/wp-json\/wp\/v2\/comments?post=77457"}],"version-history":[{"count":0,"href":"https:\/\/mickyandoniehn.com\/radio\/wp-json\/wp\/v2\/posts\/77457\/revisions"}],"wp:featuredmedia":[{"embeddable":true,"href":"https:\/\/mickyandoniehn.com\/radio\/wp-json\/wp\/v2\/media\/77458"}],"wp:attachment":[{"href":"https:\/\/mickyandoniehn.com\/radio\/wp-json\/wp\/v2\/media?parent=77457"}],"wp:term":[{"taxonomy":"category","embeddable":true,"href":"https:\/\/mickyandoniehn.com\/radio\/wp-json\/wp\/v2\/categories?post=77457"},{"taxonomy":"post_tag","embeddable":true,"href":"https:\/\/mickyandoniehn.com\/radio\/wp-json\/wp\/v2\/tags?post=77457"}],"curies":[{"name":"wp","href":"https:\/\/api.w.org\/{rel}","templated":true}]}}