{"id":77449,"date":"2024-08-10T10:12:57","date_gmt":"2024-08-10T16:12:57","guid":{"rendered":"http:\/\/mickyandoniehn.com\/radio\/2024\/08\/10\/equipo-medico-militar-de-eeuu-apoya-acciones-contra-el-dengue-en-honduras\/"},"modified":"2024-08-10T10:12:57","modified_gmt":"2024-08-10T16:12:57","slug":"equipo-medico-militar-de-eeuu-apoya-acciones-contra-el-dengue-en-honduras","status":"publish","type":"post","link":"https:\/\/mickyandoniehn.com\/radio\/2024\/08\/10\/equipo-medico-militar-de-eeuu-apoya-acciones-contra-el-dengue-en-honduras\/","title":{"rendered":"Equipo m\u00e9dico militar de EEUU apoya acciones contra el dengue en Honduras"},"content":{"rendered":"<p>Tegucigalpa | 10.08.2024<\/p>\n<p>La Fuerza de Tarea Conjunta-Bravo (JTF-B por sus siglas en ingl\u00e9s) realiza una serie de sesiones de capacitaci\u00f3n en medicina tropical en Puerto Cort\u00e9s, San Pedro Sula y Tegucigalpa, del 5 al 16 de agosto; todas estas actividades est\u00e1n destinadas a apoyar al pueblo hondure\u00f1o en su lucha contra el dengue, inform\u00f3 la Embajada de Estados Unidos en Honduras.<\/p>\n<p>El personal que participa en esta actividad incluye a 12 miembros de las Fuerzas Armadas de la Universidad de Servicios Uniformados compuesto 9 m\u00e9dicos y 3 enfermeras y 3 miembros de Medicina Preventiva de JTF-B.<\/p>\n<p>Desde su llegada, en algunas zonas de Puerto Cort\u00e9s y Villanueva, ya han realizado diversas actividades, como la toma de muestras de larvas del agua con pipetas y mosquitos adultos usando aspiradores, as\u00ed como la observaci\u00f3n de \u00e1reas de alto riesgo de enfermedades transmitidas por vectores en comunidades rurales.<\/p>\n<p>El equipo de JTF-B ha trabajado en conjunto con el Secretar\u00eda de Salud de Honduras (SESAL), cuyo apoyo ha sido crucial al guiarlos hacia los mejores lugares para la vigilancia en las zonas rurales de Puerto Cort\u00e9s, bas\u00e1ndose en casos recientes de dengue y leishmaniasis. La comunidad local ha recibido al equipo con entusiasmo, y ha mostrado su apoyo permiti\u00e9ndoles instalar trampas para mosquitos y moscas de arena, adem\u00e1s de compartir sus experiencias con lesiones curadas de leishmaniasis.<\/p>\n<p>Fuente: Hondudiario<\/p>\n","protected":false},"excerpt":{"rendered":"<p>Tegucigalpa | 10.08.2024 La Fuerza de Tarea Conjunta-Bravo (JTF-B por sus siglas en ingl\u00e9s) realiza una serie de sesiones de capacitaci\u00f3n en medicina tropical en Puerto Cort\u00e9s, San Pedro Sula y Tegucigalpa, del 5 al 16 de agosto; todas estas actividades est\u00e1n destinadas a apoyar al pueblo hondure\u00f1o en su lucha contra el dengue, inform\u00f3 &hellip;<\/p>\n","protected":false},"author":0,"featured_media":77450,"comment_status":"open","ping_status":"open","sticky":false,"template":"","format":"standard","meta":{"_jetpack_memberships_contains_paid_content":false,"footnotes":""},"categories":[5],"tags":[],"class_list":["post-77449","post","type-post","status-publish","format-standard","has-post-thumbnail","","category-noticias"],"jetpack_sharing_enabled":true,"jetpack_featured_media_url":"https:\/\/mickyandoniehn.com\/radio\/wp-content\/uploads\/2024\/08\/IMG_9900-6TL5u1.jpeg","_links":{"self":[{"href":"https:\/\/mickyandoniehn.com\/radio\/wp-json\/wp\/v2\/posts\/77449","targetHints":{"allow":["GET"]}}],"collection":[{"href":"https:\/\/mickyandoniehn.com\/radio\/wp-json\/wp\/v2\/posts"}],"about":[{"href":"https:\/\/mickyandoniehn.com\/radio\/wp-json\/wp\/v2\/types\/post"}],"replies":[{"embeddable":true,"href":"https:\/\/mickyandoniehn.com\/radio\/wp-json\/wp\/v2\/comments?post=77449"}],"version-history":[{"count":0,"href":"https:\/\/mickyandoniehn.com\/radio\/wp-json\/wp\/v2\/posts\/77449\/revisions"}],"wp:featuredmedia":[{"embeddable":true,"href":"https:\/\/mickyandoniehn.com\/radio\/wp-json\/wp\/v2\/media\/77450"}],"wp:attachment":[{"href":"https:\/\/mickyandoniehn.com\/radio\/wp-json\/wp\/v2\/media?parent=77449"}],"wp:term":[{"taxonomy":"category","embeddable":true,"href":"https:\/\/mickyandoniehn.com\/radio\/wp-json\/wp\/v2\/categories?post=77449"},{"taxonomy":"post_tag","embeddable":true,"href":"https:\/\/mickyandoniehn.com\/radio\/wp-json\/wp\/v2\/tags?post=77449"}],"curies":[{"name":"wp","href":"https:\/\/api.w.org\/{rel}","templated":true}]}}