{"id":77274,"date":"2024-08-07T15:17:52","date_gmt":"2024-08-07T21:17:52","guid":{"rendered":"http:\/\/mickyandoniehn.com\/radio\/2024\/08\/07\/fallece-el-reconocido-caricaturista-roberto-ruiz-en-san-pedro-sula\/"},"modified":"2024-08-07T15:17:52","modified_gmt":"2024-08-07T21:17:52","slug":"fallece-el-reconocido-caricaturista-roberto-ruiz-en-san-pedro-sula","status":"publish","type":"post","link":"https:\/\/mickyandoniehn.com\/radio\/2024\/08\/07\/fallece-el-reconocido-caricaturista-roberto-ruiz-en-san-pedro-sula\/","title":{"rendered":"Fallece el reconocido caricaturista Roberto Ruiz en San Pedro Sula"},"content":{"rendered":"<\/p>\n<p><strong>07.08.2024<\/strong><\/p>\n<p>La comunidad art\u00edstica y period\u00edstica de Honduras est\u00e1 de luto tras el fallecimiento del reconocido caricaturista Roberto Ruiz en la ciudad de San Pedro Sula.<\/p>\n<p>Ruiz se destac\u00f3 por sus m\u00faltiples logros, entre ellos, haber ganado el primer lugar del Premio Mundial de Caricaturas \u00abUn Solo Mundo\u00bb en Duisburgo, Alemania, en 1984 y el premio internacional en Italia en 1978.<\/p>\n<p>En el concurso mundial de caricaturas \u00abEncuentro Choque 1492-1992\u00bb en Alemania, fue seleccionado entre 20 caricaturistas de un total de doscientos participantes de 32 pa\u00edses, cuyas obras fueron incluidas en una exposici\u00f3n ambulante y en un cat\u00e1logo especial.<\/p>\n<p>Su carrera como caricaturista comenz\u00f3 de manera notable el 17 de octubre de 1970. A los 18 a\u00f1os, Ruiz, un joven estudiante del Instituto Jos\u00e9 Trinidad Reyes, ingres\u00f3 apresurado a la sala de redacci\u00f3n del Diario La Prensa.<\/p>\n<p>Ruiz particip\u00f3 en el concurso de caricatura ecol\u00f3gica en Alemania y quedo en los primeros lugares.<\/p>\n<p>As\u00ed inici\u00f3 la exitosa carrera de Oscar Roberto Ruiz Rodr\u00edguez, originario del barrio La Curva en Puerto Cort\u00e9s, donde naci\u00f3 el 30 de marzo de 1952.<\/p>\n<p>Desde sus d\u00edas escolares en la escuela Jos\u00e9 Cecilio del Valle de San Pedro Sula, Ruiz dej\u00f3 impresionados a sus maestros y compa\u00f1eros con su talento art\u00edstico, incluyendo un fino trazado del escudo nacional.<\/p>\n<p>Conocido cari\u00f1osamente como \u00abEl Periquito\u00bb por incluir un simp\u00e1tico loro parlanch\u00edn en sus obras, Ruiz se convirti\u00f3 en un referente del arte del pincel y el trazo en Honduras.<\/p>\n<p>A pesar de su prestigio y numerosos reconocimientos, Roberto Ruiz, quien labor\u00f3 en el\u00a0<em><strong><a href=\"https:\/\/www.latribuna.hn\/\">Diario La Tribuna<\/a><\/strong><\/em>, nunca dej\u00f3 de ser amable y servicial con sus amigos y familiares. Con un car\u00e1cter calmo y observador, siempre estuvo atento para caricaturizar la realidad del pueblo hondure\u00f1o.<\/p>\n<p>Hoy, la comunidad honra la memoria de un artista excepcional y un ser humano admirable. Su legado perdurar\u00e1 en las p\u00e1ginas de la historia del arte y el periodismo hondure\u00f1o.<\/p>\n<p>Fuente: latribuna.hn<\/p>\n","protected":false},"excerpt":{"rendered":"<p>07.08.2024 La comunidad art\u00edstica y period\u00edstica de Honduras est\u00e1 de luto tras el fallecimiento del reconocido caricaturista Roberto Ruiz en la ciudad de San Pedro Sula. Ruiz se destac\u00f3 por sus m\u00faltiples logros, entre ellos, haber ganado el primer lugar del Premio Mundial de Caricaturas \u00abUn Solo Mundo\u00bb en Duisburgo, Alemania, en 1984 y el &hellip;<\/p>\n","protected":false},"author":0,"featured_media":0,"comment_status":"open","ping_status":"open","sticky":false,"template":"","format":"standard","meta":{"_jetpack_memberships_contains_paid_content":false,"footnotes":""},"categories":[5],"tags":[],"class_list":["post-77274","post","type-post","status-publish","format-standard","","category-noticias"],"jetpack_sharing_enabled":true,"jetpack_featured_media_url":"","_links":{"self":[{"href":"https:\/\/mickyandoniehn.com\/radio\/wp-json\/wp\/v2\/posts\/77274","targetHints":{"allow":["GET"]}}],"collection":[{"href":"https:\/\/mickyandoniehn.com\/radio\/wp-json\/wp\/v2\/posts"}],"about":[{"href":"https:\/\/mickyandoniehn.com\/radio\/wp-json\/wp\/v2\/types\/post"}],"replies":[{"embeddable":true,"href":"https:\/\/mickyandoniehn.com\/radio\/wp-json\/wp\/v2\/comments?post=77274"}],"version-history":[{"count":0,"href":"https:\/\/mickyandoniehn.com\/radio\/wp-json\/wp\/v2\/posts\/77274\/revisions"}],"wp:attachment":[{"href":"https:\/\/mickyandoniehn.com\/radio\/wp-json\/wp\/v2\/media?parent=77274"}],"wp:term":[{"taxonomy":"category","embeddable":true,"href":"https:\/\/mickyandoniehn.com\/radio\/wp-json\/wp\/v2\/categories?post=77274"},{"taxonomy":"post_tag","embeddable":true,"href":"https:\/\/mickyandoniehn.com\/radio\/wp-json\/wp\/v2\/tags?post=77274"}],"curies":[{"name":"wp","href":"https:\/\/api.w.org\/{rel}","templated":true}]}}