{"id":76914,"date":"2024-08-07T11:13:33","date_gmt":"2024-08-07T17:13:33","guid":{"rendered":"http:\/\/mickyandoniehn.com\/radio\/2024\/08\/07\/que-la-lectura-te-acompane-el-lema-de-la-iii-feria-internacional-del-libro-en-honduras\/"},"modified":"2024-08-07T11:13:33","modified_gmt":"2024-08-07T17:13:33","slug":"que-la-lectura-te-acompane-el-lema-de-la-iii-feria-internacional-del-libro-en-honduras","status":"publish","type":"post","link":"https:\/\/mickyandoniehn.com\/radio\/2024\/08\/07\/que-la-lectura-te-acompane-el-lema-de-la-iii-feria-internacional-del-libro-en-honduras\/","title":{"rendered":"\u00abQue la lectura te acompa\u00f1e\u00bb, el lema de la III Feria Internacional del Libro en Honduras"},"content":{"rendered":"<p>07.08.2024<\/p>\n<\/p>\n<p>Con el lema \u00ab\u00a1Que la lectura te acompa\u00f1e!\u00bb y Espa\u00f1a como pa\u00eds invitado, Tegucigalpa ser\u00e1 anfitriona del 8 al 11 de agosto la III Feria Internacional del Libro Honduras (FIL-Honduras 2024), en la que participar\u00e1n m\u00e1s de 50 autores, entre nacionales e internacionales.<\/p>\n<p>La feria, que se celebrar\u00e1 por segunda vez consecutiva, en la Universidad Pedag\u00f3gica Nacional Francisco Moraz\u00e1n (UPNFM), es coordinada por la Secretar\u00eda de las Culturas, las Artes y los Patrimonios de los Pueblos de Honduras (SECAPPH) y la Embajada de Espa\u00f1a en la capital hondure\u00f1a.<\/p>\n<div>\n<p>La rectora de la UPNFM, Lexy Concepci\u00f3n Medina, destac\u00f3 en la v\u00edspera la tradici\u00f3n literaria de Espa\u00f1a y \u00abla acertada decisi\u00f3n de elegir a este pa\u00eds como invitado de honor\u00bb.<\/p>\n<p>Medina hizo un llamamiento a los hondure\u00f1os a ser parte de la FIL Honduras 2024 y resalt\u00f3 la importancia de la literatura para \u00abpromover la concentraci\u00f3n, la empat\u00eda y la capacidad de an\u00e1lisis\u00bb.<\/p>\n<p>La feria incluir\u00e1 ejes tem\u00e1ticos como la ciencia ficci\u00f3n, la literatura cient\u00edfica, el uso de la tecnolog\u00eda en la literatura y el impacto de la inteligencia artificial en la edici\u00f3n, entre otros.<\/p>\n<p>El Centro Cultural de Espa\u00f1a en Tegucigalpa (CCET) indic\u00f3 en un comunicado que en la tercera edici\u00f3n de la feria \u00abdestacar\u00e1 la notable influencia cultural y editorial de las escritoras y escritores espa\u00f1oles a nivel global\u00bb.<\/p>\n<div class=\"fs-dynamic\">\n<div>\n<p>El CCET aprovechar\u00e1 el evento para celebrar su 17 aniversario de presencia cultural en Honduras con un espacio alusivo a Espa\u00f1a como pa\u00eds invitado y diversas actividades para todas las edades.<\/p>\n<p>La FIL Honduras 2024 ser\u00e1 inaugurada por la titular de la SECAPPH, Anarella V\u00e9lez, y el embajador de Espa\u00f1a en el pa\u00eds centroamericano, Diego Nu\u00f1o.<\/p>\n<p>Seg\u00fan indic\u00f3 el CCET, autores, artistas y periodistas espa\u00f1oles como June Fern\u00e1ndez, Ajayu d\u00fao; Miguel Rodr\u00edguez Monteavaro, Isabel Hualde, Marta Botas y Teresa Bergareche, entre otros, participar\u00e1n en la FIL Honduras 2024, que adem\u00e1s ofrecer\u00e1 actividades como talleres, presentaciones de libros y ponencias tem\u00e1ticas, entre otras.<\/p>\n<p>\u00abLa feria se convierte as\u00ed en un espacio de convergencia para la lectura, la creatividad y la imaginaci\u00f3n, proporcionando un escenario \u00fanico para el intercambio cultural y el enriquecimiento de la comunidad lectora hondure\u00f1a\u00bb, se\u00f1al\u00f3 el CCET.<\/p>\n<p>Fuente: La Tribuna<\/p>\n<p>\u00a0<\/p>\n<\/div>\n<\/div>\n<\/div>\n","protected":false},"excerpt":{"rendered":"<p>07.08.2024 Con el lema \u00ab\u00a1Que la lectura te acompa\u00f1e!\u00bb y Espa\u00f1a como pa\u00eds invitado, Tegucigalpa ser\u00e1 anfitriona del 8 al 11 de agosto la III Feria Internacional del Libro Honduras (FIL-Honduras 2024), en la que participar\u00e1n m\u00e1s de 50 autores, entre nacionales e internacionales. La feria, que se celebrar\u00e1 por segunda vez consecutiva, en la &hellip;<\/p>\n","protected":false},"author":0,"featured_media":76915,"comment_status":"open","ping_status":"open","sticky":false,"template":"","format":"standard","meta":{"_jetpack_memberships_contains_paid_content":false,"footnotes":""},"categories":[5],"tags":[],"class_list":["post-76914","post","type-post","status-publish","format-standard","has-post-thumbnail","","category-noticias"],"jetpack_sharing_enabled":true,"jetpack_featured_media_url":"https:\/\/mickyandoniehn.com\/radio\/wp-content\/uploads\/2024\/08\/libros-ilustracion-latribuna-696x356-1-6eaplG.jpeg","_links":{"self":[{"href":"https:\/\/mickyandoniehn.com\/radio\/wp-json\/wp\/v2\/posts\/76914","targetHints":{"allow":["GET"]}}],"collection":[{"href":"https:\/\/mickyandoniehn.com\/radio\/wp-json\/wp\/v2\/posts"}],"about":[{"href":"https:\/\/mickyandoniehn.com\/radio\/wp-json\/wp\/v2\/types\/post"}],"replies":[{"embeddable":true,"href":"https:\/\/mickyandoniehn.com\/radio\/wp-json\/wp\/v2\/comments?post=76914"}],"version-history":[{"count":0,"href":"https:\/\/mickyandoniehn.com\/radio\/wp-json\/wp\/v2\/posts\/76914\/revisions"}],"wp:featuredmedia":[{"embeddable":true,"href":"https:\/\/mickyandoniehn.com\/radio\/wp-json\/wp\/v2\/media\/76915"}],"wp:attachment":[{"href":"https:\/\/mickyandoniehn.com\/radio\/wp-json\/wp\/v2\/media?parent=76914"}],"wp:term":[{"taxonomy":"category","embeddable":true,"href":"https:\/\/mickyandoniehn.com\/radio\/wp-json\/wp\/v2\/categories?post=76914"},{"taxonomy":"post_tag","embeddable":true,"href":"https:\/\/mickyandoniehn.com\/radio\/wp-json\/wp\/v2\/tags?post=76914"}],"curies":[{"name":"wp","href":"https:\/\/api.w.org\/{rel}","templated":true}]}}