{"id":76780,"date":"2024-08-07T09:12:49","date_gmt":"2024-08-07T15:12:49","guid":{"rendered":"http:\/\/mickyandoniehn.com\/radio\/2024\/08\/07\/conadeh-urge-registro-y-control-de-instituciones-residenciales-de-cuidado-alternativo-para-proteger-a-la-ninez-vulnerable\/"},"modified":"2024-08-07T09:12:49","modified_gmt":"2024-08-07T15:12:49","slug":"conadeh-urge-registro-y-control-de-instituciones-residenciales-de-cuidado-alternativo-para-proteger-a-la-ninez-vulnerable","status":"publish","type":"post","link":"https:\/\/mickyandoniehn.com\/radio\/2024\/08\/07\/conadeh-urge-registro-y-control-de-instituciones-residenciales-de-cuidado-alternativo-para-proteger-a-la-ninez-vulnerable\/","title":{"rendered":"CONADEH urge registro y control de Instituciones Residenciales de Cuidado Alternativo para proteger a la ni\u00f1ez vulnerable"},"content":{"rendered":"<p>07.08.2024<\/p>\n<p><a class=\"post-thumbnail open-lightbox\" href=\"https:\/\/i1.wp.com\/diarioroatan.com\/wp-content\/uploads\/2024\/08\/njhv.png?ssl=1\"><\/a><\/p>\n<p>El Comisionado Nacional de los Derechos Humanos (CONADEH) inst\u00f3 a las autoridades hondure\u00f1as a realizar un registro exhaustivo de las Instituciones Residenciales de Cuidado Alternativo (IRCAS) en el pa\u00eds, as\u00ed como de los ni\u00f1os y ni\u00f1as bajo su tutela, con el fin de establecer un mejor control y mecanismos de protecci\u00f3n para este sector vulnerable de la poblaci\u00f3n.<\/p>\n<p>C\u00e1ndida Maradiaga, coordinadora de la Defensor\u00eda de la Ni\u00f1ez del CONADEH, expres\u00f3 su preocupaci\u00f3n tras conocerse los supuestos hechos de abuso ocurridos en la Casa Hogar \u00abCoraz\u00f3n a Coraz\u00f3n\u00bb en Omoa, Cort\u00e9s. \u00abEsa noticia nos ha impactado como ciudadanos, en general, y como defensores de derechos humanos en particular\u00bb, afirm\u00f3 Maradiaga, subrayando la necesidad urgente de abordar la debilidad institucional en la protecci\u00f3n de la ni\u00f1ez en Honduras.<\/p>\n<p>Maradiaga se\u00f1al\u00f3 que una de las principales carencias es la falta de un registro exacto de las instituciones que atienden a ni\u00f1os y ni\u00f1as en situaci\u00f3n de vulnerabilidad, lo que deja en la incertidumbre cu\u00e1ntos menores est\u00e1n siendo atendidos por estas entidades. Recomend\u00f3 que se implementen acciones inmediatas, como la supervisi\u00f3n de estos centros, la creaci\u00f3n de un registro de sus autoridades y actividades, y el seguimiento riguroso de cada ni\u00f1o bajo custodia.<\/p>\n<p>Adem\u00e1s, la coordinadora insisti\u00f3 en la importancia de que estas instituciones mantengan convenios con la Secretar\u00eda de la Ni\u00f1ez y la Familia (SENAF), asegurando as\u00ed la responsabilidad ante cualquier violaci\u00f3n de derechos humanos. Maradiaga tambi\u00e9n exhort\u00f3 al Ministerio P\u00fablico a llevar a cabo una investigaci\u00f3n exhaustiva del caso de la Casa Hogar \u00abCoraz\u00f3n a Coraz\u00f3n\u00bb y a deducir responsabilidades si se comprueba la violaci\u00f3n de derechos de los ni\u00f1os y ni\u00f1as.<\/p>\n<p>El CONADEH registr\u00f3 227 quejas por violaciones a los derechos de la ni\u00f1ez en 2023, de las cuales 92 fueron en contra de la extinta DINAF y 36 relacionadas con incumplimientos de las IRCAS. Maradiaga enfatiz\u00f3 que el Estado hondure\u00f1o tiene el deber de garantizar el inter\u00e9s superior del ni\u00f1o, tal como lo establece la Constituci\u00f3n, las convenciones internacionales y la legislaci\u00f3n nacional.<\/p>\n<p>Finalmente, Maradiaga hizo un llamado a un trabajo coordinado entre la SENAF, el Ministerio P\u00fablico, el CONADEH y otros actores gubernamentales y de la sociedad civil, con el objetivo de crear una pol\u00edtica p\u00fablica efectiva de protecci\u00f3n y defensa de los derechos humanos de la ni\u00f1ez en Honduras<\/p>\n<p>Fuente: Diario Roat\u00e1n<\/p>\n","protected":false},"excerpt":{"rendered":"<p>07.08.2024 El Comisionado Nacional de los Derechos Humanos (CONADEH) inst\u00f3 a las autoridades hondure\u00f1as a realizar un registro exhaustivo de las Instituciones Residenciales de Cuidado Alternativo (IRCAS) en el pa\u00eds, as\u00ed como de los ni\u00f1os y ni\u00f1as bajo su tutela, con el fin de establecer un mejor control y mecanismos de protecci\u00f3n para este sector &hellip;<\/p>\n","protected":false},"author":0,"featured_media":76781,"comment_status":"open","ping_status":"open","sticky":false,"template":"","format":"standard","meta":{"_jetpack_memberships_contains_paid_content":false,"footnotes":""},"categories":[5],"tags":[],"class_list":["post-76780","post","type-post","status-publish","format-standard","has-post-thumbnail","","category-noticias"],"jetpack_sharing_enabled":true,"jetpack_featured_media_url":"https:\/\/mickyandoniehn.com\/radio\/wp-content\/uploads\/2024\/08\/njhv-dtOz8B.png","_links":{"self":[{"href":"https:\/\/mickyandoniehn.com\/radio\/wp-json\/wp\/v2\/posts\/76780","targetHints":{"allow":["GET"]}}],"collection":[{"href":"https:\/\/mickyandoniehn.com\/radio\/wp-json\/wp\/v2\/posts"}],"about":[{"href":"https:\/\/mickyandoniehn.com\/radio\/wp-json\/wp\/v2\/types\/post"}],"replies":[{"embeddable":true,"href":"https:\/\/mickyandoniehn.com\/radio\/wp-json\/wp\/v2\/comments?post=76780"}],"version-history":[{"count":0,"href":"https:\/\/mickyandoniehn.com\/radio\/wp-json\/wp\/v2\/posts\/76780\/revisions"}],"wp:featuredmedia":[{"embeddable":true,"href":"https:\/\/mickyandoniehn.com\/radio\/wp-json\/wp\/v2\/media\/76781"}],"wp:attachment":[{"href":"https:\/\/mickyandoniehn.com\/radio\/wp-json\/wp\/v2\/media?parent=76780"}],"wp:term":[{"taxonomy":"category","embeddable":true,"href":"https:\/\/mickyandoniehn.com\/radio\/wp-json\/wp\/v2\/categories?post=76780"},{"taxonomy":"post_tag","embeddable":true,"href":"https:\/\/mickyandoniehn.com\/radio\/wp-json\/wp\/v2\/tags?post=76780"}],"curies":[{"name":"wp","href":"https:\/\/api.w.org\/{rel}","templated":true}]}}