{"id":76730,"date":"2024-08-07T07:12:36","date_gmt":"2024-08-07T13:12:36","guid":{"rendered":"http:\/\/mickyandoniehn.com\/radio\/2024\/08\/07\/honduras-en-la-historia-07-agosto-1892-fuerzas-gubernamentales-del-presidente-gral-ponciano-leiva-derrotan-a-faccion-de-los-abogados\/"},"modified":"2024-08-07T07:12:36","modified_gmt":"2024-08-07T13:12:36","slug":"honduras-en-la-historia-07-agosto-1892-fuerzas-gubernamentales-del-presidente-gral-ponciano-leiva-derrotan-a-faccion-de-los-abogados","status":"publish","type":"post","link":"https:\/\/mickyandoniehn.com\/radio\/2024\/08\/07\/honduras-en-la-historia-07-agosto-1892-fuerzas-gubernamentales-del-presidente-gral-ponciano-leiva-derrotan-a-faccion-de-los-abogados\/","title":{"rendered":"Honduras en la Historia: 07 Agosto 1892 , Fuerzas Gubernamentales del Presidente, Gral. Ponciano Leiva, Derrotan a Faccion de los Abogados."},"content":{"rendered":"<\/p>\n<p>Fuerzas gubernamentales del Presidente, General Ponciano Leiva, al mando del aguerrido General Andr\u00e9s Matute, derrotaron definitivamente en el lugar llamado El Tabl\u00f3n, en el actual departamento de Valle, a los \u00faltimos contingentes de la Facci\u00f3n de los Abogados llamada as\u00ed\u00a0por haber sido encabezada por los Licenciados Pedro H. Bonilla, Ricardo Maldonado y Francisco Cardona y su jefe el militar Raimundo Cabrera.<\/p>\n<p>En esta acci\u00f3n los invasores dejaron doce muertos cont\u00e1ndose entre ellos a su jefe Cabrera. Como antes hemos dicho, los \u00faltimos restos de los invasores que penetraron desde El Salvador fueron deshecho en El Tabl\u00f3n al mismo tiempo que eran vencidas las facciones de Oriente y Norte. El gobierno de Leiva ganaba unos<\/p><\/p>\n","protected":false},"excerpt":{"rendered":"<p>Fuerzas gubernamentales del Presidente, General Ponciano Leiva, al mando del aguerrido General Andr\u00e9s Matute, derrotaron definitivamente en el lugar llamado El Tabl\u00f3n, en el actual departamento de Valle, a los \u00faltimos contingentes de la Facci\u00f3n de los Abogados llamada as\u00ed\u00a0por haber sido encabezada por los Licenciados Pedro H. Bonilla, Ricardo Maldonado y Francisco Cardona y &hellip;<\/p>\n","protected":false},"author":0,"featured_media":76731,"comment_status":"open","ping_status":"open","sticky":false,"template":"","format":"standard","meta":{"_jetpack_memberships_contains_paid_content":false,"footnotes":""},"categories":[5],"tags":[],"class_list":["post-76730","post","type-post","status-publish","format-standard","has-post-thumbnail","","category-noticias"],"jetpack_sharing_enabled":true,"jetpack_featured_media_url":"https:\/\/mickyandoniehn.com\/radio\/wp-content\/uploads\/2024\/08\/7.2-agost-kJB8XP.png","_links":{"self":[{"href":"https:\/\/mickyandoniehn.com\/radio\/wp-json\/wp\/v2\/posts\/76730","targetHints":{"allow":["GET"]}}],"collection":[{"href":"https:\/\/mickyandoniehn.com\/radio\/wp-json\/wp\/v2\/posts"}],"about":[{"href":"https:\/\/mickyandoniehn.com\/radio\/wp-json\/wp\/v2\/types\/post"}],"replies":[{"embeddable":true,"href":"https:\/\/mickyandoniehn.com\/radio\/wp-json\/wp\/v2\/comments?post=76730"}],"version-history":[{"count":0,"href":"https:\/\/mickyandoniehn.com\/radio\/wp-json\/wp\/v2\/posts\/76730\/revisions"}],"wp:featuredmedia":[{"embeddable":true,"href":"https:\/\/mickyandoniehn.com\/radio\/wp-json\/wp\/v2\/media\/76731"}],"wp:attachment":[{"href":"https:\/\/mickyandoniehn.com\/radio\/wp-json\/wp\/v2\/media?parent=76730"}],"wp:term":[{"taxonomy":"category","embeddable":true,"href":"https:\/\/mickyandoniehn.com\/radio\/wp-json\/wp\/v2\/categories?post=76730"},{"taxonomy":"post_tag","embeddable":true,"href":"https:\/\/mickyandoniehn.com\/radio\/wp-json\/wp\/v2\/tags?post=76730"}],"curies":[{"name":"wp","href":"https:\/\/api.w.org\/{rel}","templated":true}]}}