{"id":76565,"date":"2024-08-05T14:13:43","date_gmt":"2024-08-05T20:13:43","guid":{"rendered":"http:\/\/mickyandoniehn.com\/radio\/2024\/08\/05\/condiciones-inestables-y-lluvias-se-pronostican-para-este-lunes-en-distintas-zonas-de-honduras\/"},"modified":"2024-08-05T14:13:43","modified_gmt":"2024-08-05T20:13:43","slug":"condiciones-inestables-y-lluvias-se-pronostican-para-este-lunes-en-distintas-zonas-de-honduras","status":"publish","type":"post","link":"https:\/\/mickyandoniehn.com\/radio\/2024\/08\/05\/condiciones-inestables-y-lluvias-se-pronostican-para-este-lunes-en-distintas-zonas-de-honduras\/","title":{"rendered":"Condiciones inestables y lluvias se pronostican para este lunes en distintas zonas de Honduras"},"content":{"rendered":"<\/p>\n<p>05.08.2024<\/p>\n<p>El pronosticador de turno del Centro Nacional de Estudios Atmosf\u00e9ricos y S\u00edsmicos (Cenaos) de Copeco, Luis Fonseca, comparti\u00f3 el pronostico del tiempo para este lunes informando que habr\u00e1 condiciones inestables y lluvias en la mayor parte del pa\u00eds, recayendo m\u00e1s en las zonas norte, sur y centro de Honduras.<\/p>\n<p>De igual forma se explic\u00f3 que debido al transporte de humedad proveniente desde el mar Caribe, tanto del oc\u00e9ano Pac\u00edfico hacia el territorio hondure\u00f1o, estar\u00e1n dejando lluvias y chubascos aislados con precipitaciones d\u00e9biles en distintas partes de Honduras.<\/p>\n<p>El estado del mar, el pronosticador Luis Fonseca, indic\u00f3 que para el mar Caribe se dar\u00e1 un oleaje de uno a tres pies, mientras que para el Golfo de Fonseca ser\u00e1 de uno a tres pies de altura tambi\u00e9n.<\/p>\n<p><a href=\"https:\/\/i1.wp.com\/hondudiario.com\/wp-content\/uploads\/2024\/06\/WhatsApp-Image-2024-06-21-at-9.32.19-AM-4.jpeg?ssl=1\"><\/a><\/p>\n<p>Finalmente se destacan las temperaturas por regiones: la zona norte, m\u00e1xima de 32\u00b0C y m\u00ednima de 25\u00b0C; en el centro, 31\u00b0C de m\u00e1xima y los 20\u00b0C de m\u00ednima; en el sur, m\u00e1ximas de 35\u00b0C y m\u00ednimas de 24\u00b0C.<\/p>\n<p>En el occidente del pa\u00eds, m\u00e1ximas 30\u00b0C, m\u00ednimas 16\u00b0C; en la zona insular, 31\u00b0C de m\u00e1xima y los 28\u00b0C de m\u00ednima; por \u00faltimo, en la regi\u00f3n oriental, m\u00e1ximas de 32\u00b0C y m\u00ednimas de 22\u00b0C.<\/p>\n<p>Fuente: Hondudiario.com<\/p>\n<p>\u00a0<\/p>\n","protected":false},"excerpt":{"rendered":"<p>05.08.2024 El pronosticador de turno del Centro Nacional de Estudios Atmosf\u00e9ricos y S\u00edsmicos (Cenaos) de Copeco, Luis Fonseca, comparti\u00f3 el pronostico del tiempo para este lunes informando que habr\u00e1 condiciones inestables y lluvias en la mayor parte del pa\u00eds, recayendo m\u00e1s en las zonas norte, sur y centro de Honduras. De igual forma se explic\u00f3 &hellip;<\/p>\n","protected":false},"author":0,"featured_media":76566,"comment_status":"open","ping_status":"open","sticky":false,"template":"","format":"standard","meta":{"_jetpack_memberships_contains_paid_content":false,"footnotes":""},"categories":[5],"tags":[],"class_list":["post-76565","post","type-post","status-publish","format-standard","has-post-thumbnail","","category-noticias"],"jetpack_sharing_enabled":true,"jetpack_featured_media_url":"https:\/\/mickyandoniehn.com\/radio\/wp-content\/uploads\/2024\/08\/FotoJet-60-1536x1059-2-8gPWQk.png","_links":{"self":[{"href":"https:\/\/mickyandoniehn.com\/radio\/wp-json\/wp\/v2\/posts\/76565","targetHints":{"allow":["GET"]}}],"collection":[{"href":"https:\/\/mickyandoniehn.com\/radio\/wp-json\/wp\/v2\/posts"}],"about":[{"href":"https:\/\/mickyandoniehn.com\/radio\/wp-json\/wp\/v2\/types\/post"}],"replies":[{"embeddable":true,"href":"https:\/\/mickyandoniehn.com\/radio\/wp-json\/wp\/v2\/comments?post=76565"}],"version-history":[{"count":0,"href":"https:\/\/mickyandoniehn.com\/radio\/wp-json\/wp\/v2\/posts\/76565\/revisions"}],"wp:featuredmedia":[{"embeddable":true,"href":"https:\/\/mickyandoniehn.com\/radio\/wp-json\/wp\/v2\/media\/76566"}],"wp:attachment":[{"href":"https:\/\/mickyandoniehn.com\/radio\/wp-json\/wp\/v2\/media?parent=76565"}],"wp:term":[{"taxonomy":"category","embeddable":true,"href":"https:\/\/mickyandoniehn.com\/radio\/wp-json\/wp\/v2\/categories?post=76565"},{"taxonomy":"post_tag","embeddable":true,"href":"https:\/\/mickyandoniehn.com\/radio\/wp-json\/wp\/v2\/tags?post=76565"}],"curies":[{"name":"wp","href":"https:\/\/api.w.org\/{rel}","templated":true}]}}