{"id":76520,"date":"2024-08-03T15:12:40","date_gmt":"2024-08-03T21:12:40","guid":{"rendered":"http:\/\/mickyandoniehn.com\/radio\/2024\/08\/03\/todo-listo-para-la-iii-feria-internacional-del-libro-honduras-2024\/"},"modified":"2024-08-03T15:12:40","modified_gmt":"2024-08-03T21:12:40","slug":"todo-listo-para-la-iii-feria-internacional-del-libro-honduras-2024","status":"publish","type":"post","link":"https:\/\/mickyandoniehn.com\/radio\/2024\/08\/03\/todo-listo-para-la-iii-feria-internacional-del-libro-honduras-2024\/","title":{"rendered":"Todo listo para la III Feria Internacional del Libro Honduras 2024"},"content":{"rendered":"<\/p>\n<p>03.08.2024<\/p>\n<p><strong>Tegucigalpa-<\/strong>\u00a0La Embajada de Espa\u00f1a en Honduras y el Centro Cultural de Espa\u00f1a en Tegucigalpa (CCET) tienen el honor de invitarle a la III Feria Internacional del Libro Honduras (FIL-Honduras 2024), bajo el lema \u201cQue la lectura te acompa\u00f1e\u201d, en esta edici\u00f3n con Espa\u00f1a como pa\u00eds invitado de honor.<\/p>\n<p class=\"has-vivid-red-color has-text-color has-link-color wp-elements-c11a2b273194ff23085d497429a6ea99\"><strong>\u2013 La FIL-Honduras 2024 se llevar\u00e1 a cabo del 8 al 11 de agosto de 2024.<\/strong><\/p>\n<p class=\"has-vivid-red-color has-text-color has-link-color wp-elements-942a8bcb568b99518da6fb8fa9aa03ab\"><strong>\u2013 Este a\u00f1o, la feria har\u00e1 un \u00e9nfasis en el g\u00e9nero de la ciencia ficci\u00f3n, resaltando su relevancia en el mundo literario.<\/strong><\/p>\n<p>Organizada por la Secretar\u00eda de las Culturas, las Artes y los Patrimonios de los Pueblos de Honduras (SECAPPH), la FIL-Honduras 2024 se llevar\u00e1 a cabo del 8 al 11 de agosto de 2024 en el campus central de la Universidad Pedag\u00f3gica Nacional Francisco Moraz\u00e1n (UPNFM).<\/p>\n<p>\u00a0Esta edici\u00f3n destacar\u00e1 la notable influencia cultural y editorial de las escritoras y escritores espa\u00f1oles a nivel global.<\/p>\n<p>El evento contar\u00e1 con la participaci\u00f3n de m\u00e1s de 50 autores y autoras nacionales e internacionales, la FIL-Honduras 2024 se posiciona como un evento crucial para la promoci\u00f3n de la lectura y la cultura.<\/p>\n<p>Este a\u00f1o, la feria har\u00e1 un \u00e9nfasis en el g\u00e9nero de la ciencia ficci\u00f3n, resaltando su relevancia en el mundo literario.<\/p>\n<p>Desde Espa\u00f1a, se contar\u00e1 con la participaci\u00f3n de destacados autores, artistas y periodistas como June Fern\u00e1ndez, Ajayu d\u00fao, Miguel Rodr\u00edguez Monteavaro, Isabel Hualde, Marta Botas, Gloria Zapato y Teresa Bergareche.<\/p>\n<p>\u00a0La FIL-Honduras 2024 ofrecer\u00e1 adem\u00e1s una amplia gama de actividades para todos los p\u00fablicos, incluyendo talleres, presentaciones de libros, ponencias tem\u00e1ticas, actividades art\u00edsticas y un stand especial dedicado a Espa\u00f1a como pa\u00eds invitado.<\/p>\n<p>La feria se convierte as\u00ed en un espacio de convergencia para la lectura, la creatividad y la imaginaci\u00f3n, proporcionando un escenario \u00fanico para el intercambio cultural y el enriquecimiento de la comunidad lectora hondure\u00f1a.<\/p>\n<p>Fuente: Proceso Digital HN<\/p>\n","protected":false},"excerpt":{"rendered":"<p>03.08.2024 Tegucigalpa-\u00a0La Embajada de Espa\u00f1a en Honduras y el Centro Cultural de Espa\u00f1a en Tegucigalpa (CCET) tienen el honor de invitarle a la III Feria Internacional del Libro Honduras (FIL-Honduras 2024), bajo el lema \u201cQue la lectura te acompa\u00f1e\u201d, en esta edici\u00f3n con Espa\u00f1a como pa\u00eds invitado de honor. \u2013 La FIL-Honduras 2024 se llevar\u00e1 &hellip;<\/p>\n","protected":false},"author":0,"featured_media":76521,"comment_status":"open","ping_status":"open","sticky":false,"template":"","format":"standard","meta":{"_jetpack_memberships_contains_paid_content":false,"footnotes":""},"categories":[5],"tags":[],"class_list":["post-76520","post","type-post","status-publish","format-standard","has-post-thumbnail","","category-noticias"],"jetpack_sharing_enabled":true,"jetpack_featured_media_url":"https:\/\/mickyandoniehn.com\/radio\/wp-content\/uploads\/2024\/08\/fil-696x512-pomPRo.jpeg","_links":{"self":[{"href":"https:\/\/mickyandoniehn.com\/radio\/wp-json\/wp\/v2\/posts\/76520","targetHints":{"allow":["GET"]}}],"collection":[{"href":"https:\/\/mickyandoniehn.com\/radio\/wp-json\/wp\/v2\/posts"}],"about":[{"href":"https:\/\/mickyandoniehn.com\/radio\/wp-json\/wp\/v2\/types\/post"}],"replies":[{"embeddable":true,"href":"https:\/\/mickyandoniehn.com\/radio\/wp-json\/wp\/v2\/comments?post=76520"}],"version-history":[{"count":0,"href":"https:\/\/mickyandoniehn.com\/radio\/wp-json\/wp\/v2\/posts\/76520\/revisions"}],"wp:featuredmedia":[{"embeddable":true,"href":"https:\/\/mickyandoniehn.com\/radio\/wp-json\/wp\/v2\/media\/76521"}],"wp:attachment":[{"href":"https:\/\/mickyandoniehn.com\/radio\/wp-json\/wp\/v2\/media?parent=76520"}],"wp:term":[{"taxonomy":"category","embeddable":true,"href":"https:\/\/mickyandoniehn.com\/radio\/wp-json\/wp\/v2\/categories?post=76520"},{"taxonomy":"post_tag","embeddable":true,"href":"https:\/\/mickyandoniehn.com\/radio\/wp-json\/wp\/v2\/tags?post=76520"}],"curies":[{"name":"wp","href":"https:\/\/api.w.org\/{rel}","templated":true}]}}