{"id":76508,"date":"2024-08-03T14:13:10","date_gmt":"2024-08-03T20:13:10","guid":{"rendered":"http:\/\/mickyandoniehn.com\/radio\/2024\/08\/03\/honduras-contara-con-un-nuevo-censo-agropecuario-con-apoyo-de-la-union-europea\/"},"modified":"2024-08-03T14:13:10","modified_gmt":"2024-08-03T20:13:10","slug":"honduras-contara-con-un-nuevo-censo-agropecuario-con-apoyo-de-la-union-europea","status":"publish","type":"post","link":"https:\/\/mickyandoniehn.com\/radio\/2024\/08\/03\/honduras-contara-con-un-nuevo-censo-agropecuario-con-apoyo-de-la-union-europea\/","title":{"rendered":"Honduras contar\u00e1 con un nuevo Censo Agropecuario con apoyo de la Uni\u00f3n Europea"},"content":{"rendered":"<\/p>\n<p>03.08.2024<\/p>\n<p><strong>Tegucigalpa\u00a0<\/strong>\u2013 Honduras comenzar\u00e1 a elaborar, con apoyo de la Uni\u00f3n Europea (UE) y fondos propios, un nuevo Censo Agropecuario Nacional que permitir\u00e1 conocer los recursos con los que dispone el pa\u00eds, principalmente la disponibilidad de tierras para la producci\u00f3n agr\u00edcola.<\/p>\n<p>As\u00ed lo dijo este s\u00e1bado a EFE en Tegucigalpa el titular del Instituto Nacional de Estad\u00edsticas (INE), Eugenio Sosa, quien resalt\u00f3 que, \u00aben t\u00e9rminos estad\u00edsticos, el pa\u00eds est\u00e1 totalmente desfasado\u00bb, aunque hay algunos registros en el campo agropecuario.<\/p>\n<p>Agreg\u00f3 que el actual Censo Agropecuario Nacional data de 1993 y fue hecho en el marco de una Ley de Modernizaci\u00f3n Agr\u00edcola, que \u00ablejos de apoyar el campo y a los peque\u00f1os productores, de alguna manera ten\u00eda pol\u00edticas que buscaban modernizar y favorecer a los grandes exportadores\u00bb.<\/p>\n<p>Se\u00f1al\u00f3 adem\u00e1s que Honduras, con 112.492 kil\u00f3metros cuadrados y una poblaci\u00f3n que supera los nueve millones de habitantes, no tiene estad\u00edsticas fundamentales como la tenencia y acceso a la tierra, ni cu\u00e1nta se sigue utilizando en el sector agropecuario o la urbanizaci\u00f3n.<\/p>\n<p>Tambi\u00e9n se desconoce qu\u00e9 zonas no son utilizadas por el tipo de suelo, cu\u00e1ntos productores tiene el pa\u00eds y qu\u00e9 producen, cu\u00e1ntos se dedican a cultivar ma\u00edz, fr\u00edjoles y arroz (alimentos b\u00e1sicos en la dieta de los hondure\u00f1os), ni lo poco que queda de la ganader\u00eda, subray\u00f3 Sosa.<\/p>\n<p>Sobre el caf\u00e9, primer producto de exportaci\u00f3n de Honduras, s\u00ed hay informaci\u00f3n porque se trata de un sector bastante organizado.<\/p>\n<p>El alto funcionario recalc\u00f3 que el pa\u00eds, muy monta\u00f1oso, debe saber si ha avanzado o retrocedido en t\u00e9rminos de riesgo, principalmente ahora que sufre los efectos de la crisis clim\u00e1tica.<\/p>\n<p>\u00abYa no basta solo sembrar y producir de manera estacional de acuerdo a la lluvia y los diferentes momentos del verano. Se desconoce el acceso a los cr\u00e9ditos, de d\u00f3nde proceden estos y cu\u00e1les son las condiciones para poder acceder a ellos\u00bb, expres\u00f3 Sosa.<\/p>\n<p>A\u00f1adi\u00f3 que es necesario saber cu\u00e1l es la situaci\u00f3n de las mujeres del campo, si tienen m\u00e1s, o menos acceso a la tierra; d\u00f3nde hay m\u00e1s productoras o productores, qu\u00e9 tanto ha impactado la migraci\u00f3n y su promedio de edad, ya que hay un proceso de envejecimiento entre ellos porque existen sectores donde las nuevas generaciones pr\u00e1cticamente no se dedican a la agricultura, como sus padres.<\/p>\n<p>Todo este conjunto de estad\u00edsticas que no se tienen, sirven para saber si habr\u00e1 una distribuci\u00f3n y apoyo para reactivar la producci\u00f3n de ma\u00edz; d\u00f3nde se est\u00e1 produciendo m\u00e1s ese grano, su calidad y productividad, lo que tiene que ver con la capacidad de quintales (sacas de 45,4 kilos) por hect\u00e1rea, dijo Sosa.<\/p>\n<p>El nuevo Censo Agropecuario Nacional tambi\u00e9n permitir\u00e1 saber sobre el coste real del litro de leche.<\/p>\n<h2 class=\"wp-block-heading\"><strong>Apoyo de la Uni\u00f3n Europea<\/strong><\/h2>\n<p>El coste del Centro Agropecuario Nacional ser\u00e1 de unos 388 millones de lempiras (15,6 millones de d\u00f3lares), de los que en su mayor\u00eda provienen de la UE, que coloca fondos en el Estado como apoyo presupuestario.<\/p>\n<p>Seg\u00fan Sosa, hay un compromiso del Gobierno que preside Xiomara Castro de cumplir con algunos grandes indicadores como los que apoya la UE para que se actualicen las estad\u00edsticas agropecuarias.<\/p>\n<p>El INE prev\u00e9 que el censo se inicie ahora en agosto y que el levantamiento dure un poco m\u00e1s de un mes, para lo que ser\u00e1n enviadas unas 8.000 personas, hombres y mujeres, dotadas de dispositivos m\u00f3viles, a los 298 municipios del pa\u00eds.<\/p>\n<p>Las personas contratadas ser\u00e1n de su misma comunidad para ahorrar costes y hablar\u00e1n con cada productor, en una actividad parecida a la de un censo de poblaci\u00f3n, acot\u00f3 el director del INE.<\/p>\n<p>La informaci\u00f3n que recaben ser\u00e1 recibida por el INE en tiempo real y luego vendr\u00e1 el proceso de tabulaci\u00f3n.<\/p>\n<p>Seg\u00fan las proyecciones, el nuevo Censo Agropecuario Nacional estar\u00eda disponible hacia inicios de 2025, y supone adem\u00e1s que contribuir\u00e1 a frenar las constantes tomas de tierras, entre privadas y del Estado, que hacen grupos denominados campesinos que claman por una parcela para cultivar o una vivienda.<\/p>\n","protected":false},"excerpt":{"rendered":"<p>03.08.2024 Tegucigalpa\u00a0\u2013 Honduras comenzar\u00e1 a elaborar, con apoyo de la Uni\u00f3n Europea (UE) y fondos propios, un nuevo Censo Agropecuario Nacional que permitir\u00e1 conocer los recursos con los que dispone el pa\u00eds, principalmente la disponibilidad de tierras para la producci\u00f3n agr\u00edcola. As\u00ed lo dijo este s\u00e1bado a EFE en Tegucigalpa el titular del Instituto Nacional &hellip;<\/p>\n","protected":false},"author":0,"featured_media":76509,"comment_status":"open","ping_status":"open","sticky":false,"template":"","format":"standard","meta":{"_jetpack_memberships_contains_paid_content":false,"footnotes":""},"categories":[5],"tags":[],"class_list":["post-76508","post","type-post","status-publish","format-standard","has-post-thumbnail","","category-noticias"],"jetpack_sharing_enabled":true,"jetpack_featured_media_url":"https:\/\/mickyandoniehn.com\/radio\/wp-content\/uploads\/2024\/08\/Honduras-sector-agropecuario-696x348-AisveX.jpeg","_links":{"self":[{"href":"https:\/\/mickyandoniehn.com\/radio\/wp-json\/wp\/v2\/posts\/76508","targetHints":{"allow":["GET"]}}],"collection":[{"href":"https:\/\/mickyandoniehn.com\/radio\/wp-json\/wp\/v2\/posts"}],"about":[{"href":"https:\/\/mickyandoniehn.com\/radio\/wp-json\/wp\/v2\/types\/post"}],"replies":[{"embeddable":true,"href":"https:\/\/mickyandoniehn.com\/radio\/wp-json\/wp\/v2\/comments?post=76508"}],"version-history":[{"count":0,"href":"https:\/\/mickyandoniehn.com\/radio\/wp-json\/wp\/v2\/posts\/76508\/revisions"}],"wp:featuredmedia":[{"embeddable":true,"href":"https:\/\/mickyandoniehn.com\/radio\/wp-json\/wp\/v2\/media\/76509"}],"wp:attachment":[{"href":"https:\/\/mickyandoniehn.com\/radio\/wp-json\/wp\/v2\/media?parent=76508"}],"wp:term":[{"taxonomy":"category","embeddable":true,"href":"https:\/\/mickyandoniehn.com\/radio\/wp-json\/wp\/v2\/categories?post=76508"},{"taxonomy":"post_tag","embeddable":true,"href":"https:\/\/mickyandoniehn.com\/radio\/wp-json\/wp\/v2\/tags?post=76508"}],"curies":[{"name":"wp","href":"https:\/\/api.w.org\/{rel}","templated":true}]}}