{"id":76506,"date":"2024-08-03T14:13:08","date_gmt":"2024-08-03T20:13:08","guid":{"rendered":"http:\/\/mickyandoniehn.com\/radio\/2024\/08\/03\/varios-municipios-del-sur-de-fm-sin-fluido-electrico-por-mantenimiento-anuncian-la-enee\/"},"modified":"2024-08-03T14:13:08","modified_gmt":"2024-08-03T20:13:08","slug":"varios-municipios-del-sur-de-fm-sin-fluido-electrico-por-mantenimiento-anuncian-la-enee","status":"publish","type":"post","link":"https:\/\/mickyandoniehn.com\/radio\/2024\/08\/03\/varios-municipios-del-sur-de-fm-sin-fluido-electrico-por-mantenimiento-anuncian-la-enee\/","title":{"rendered":"Varios municipios del sur de FM sin fluido el\u00e9ctrico por mantenimiento anuncian la ENEE"},"content":{"rendered":"<\/p>\n<p>03.08.2024<\/p>\n<p><strong>Tegucigalpa<\/strong>-La\u00a0Empresa Nacional de Energ\u00eda El\u00e9ctrica\u00a0(ENEE) dio a conocer que para este s\u00e1bado 03 de agosto habr\u00e1 cortes programados para la zona centro sur.<\/p>\n<p>Seg\u00fan el comunicado emitido en la cuenta de X, estos apagones ser\u00e1n a causa de realizar trabajos y despeje en l\u00ednea de transmisi\u00f3n.<\/p>\n<p>El circuito que estar\u00e1 en mantenimiento es el 344 que comprende la subestaci\u00f3n de Cerro de Hula.<\/p>\n<p>En ese sentido, varios municipios, comunidades y aldeas localizadas al sur del municipio de Francisco Moraz\u00e1n no tendr\u00e1n fluido el\u00e9ctrico de 8 de la ma\u00f1ana a 4 de la tarde.<\/p><\/p>\n","protected":false},"excerpt":{"rendered":"<p>03.08.2024 Tegucigalpa-La\u00a0Empresa Nacional de Energ\u00eda El\u00e9ctrica\u00a0(ENEE) dio a conocer que para este s\u00e1bado 03 de agosto habr\u00e1 cortes programados para la zona centro sur. Seg\u00fan el comunicado emitido en la cuenta de X, estos apagones ser\u00e1n a causa de realizar trabajos y despeje en l\u00ednea de transmisi\u00f3n. El circuito que estar\u00e1 en mantenimiento es el &hellip;<\/p>\n","protected":false},"author":0,"featured_media":76507,"comment_status":"open","ping_status":"open","sticky":false,"template":"","format":"standard","meta":{"_jetpack_memberships_contains_paid_content":false,"footnotes":""},"categories":[5],"tags":[],"class_list":["post-76506","post","type-post","status-publish","format-standard","has-post-thumbnail","","category-noticias"],"jetpack_sharing_enabled":true,"jetpack_featured_media_url":"https:\/\/mickyandoniehn.com\/radio\/wp-content\/uploads\/2024\/08\/WhatsApp-Image-2024-07-24-at-11.01.39-AM-a1qp1p.jpeg","_links":{"self":[{"href":"https:\/\/mickyandoniehn.com\/radio\/wp-json\/wp\/v2\/posts\/76506","targetHints":{"allow":["GET"]}}],"collection":[{"href":"https:\/\/mickyandoniehn.com\/radio\/wp-json\/wp\/v2\/posts"}],"about":[{"href":"https:\/\/mickyandoniehn.com\/radio\/wp-json\/wp\/v2\/types\/post"}],"replies":[{"embeddable":true,"href":"https:\/\/mickyandoniehn.com\/radio\/wp-json\/wp\/v2\/comments?post=76506"}],"version-history":[{"count":0,"href":"https:\/\/mickyandoniehn.com\/radio\/wp-json\/wp\/v2\/posts\/76506\/revisions"}],"wp:featuredmedia":[{"embeddable":true,"href":"https:\/\/mickyandoniehn.com\/radio\/wp-json\/wp\/v2\/media\/76507"}],"wp:attachment":[{"href":"https:\/\/mickyandoniehn.com\/radio\/wp-json\/wp\/v2\/media?parent=76506"}],"wp:term":[{"taxonomy":"category","embeddable":true,"href":"https:\/\/mickyandoniehn.com\/radio\/wp-json\/wp\/v2\/categories?post=76506"},{"taxonomy":"post_tag","embeddable":true,"href":"https:\/\/mickyandoniehn.com\/radio\/wp-json\/wp\/v2\/tags?post=76506"}],"curies":[{"name":"wp","href":"https:\/\/api.w.org\/{rel}","templated":true}]}}