{"id":76489,"date":"2024-08-03T01:40:13","date_gmt":"2024-08-03T07:40:13","guid":{"rendered":"http:\/\/mickyandoniehn.com\/radio\/2024\/08\/03\/migrantes-hondurenos-buscan-asistencia-consular-en-mexico-tras-abandonar-caravana\/"},"modified":"2024-08-03T01:40:13","modified_gmt":"2024-08-03T07:40:13","slug":"migrantes-hondurenos-buscan-asistencia-consular-en-mexico-tras-abandonar-caravana","status":"publish","type":"post","link":"https:\/\/mickyandoniehn.com\/radio\/2024\/08\/03\/migrantes-hondurenos-buscan-asistencia-consular-en-mexico-tras-abandonar-caravana\/","title":{"rendered":"Migrantes hondure\u00f1os buscan asistencia consular en M\u00e9xico tras abandonar caravana"},"content":{"rendered":"<p>Tegucigalpa | 02.08.2024<\/p>\n<p>Un grupo de al menos<strong> 200 hondure\u00f1os <\/strong>solicit\u00f3 asistencia consular en <strong>M\u00e9xico<\/strong> despu\u00e9s de abandonar la<strong> caravana de migrantes <\/strong>que hab\u00eda salido del municipio de <strong>Suchiate, Chiapas, <\/strong>con destino a <strong>Tapachula<\/strong>, con la intenci\u00f3n de llegar a Estados Unidos, debido a las amenazas y peligros a los que estaban expuestos, seg\u00fan informaron medios mexicanos.<\/p>\n<p>Los migrantes hab\u00edan recorrido varios kil\u00f3metros por la carretera Costera de Chiapas cuando decidieron desistir y pedir ayuda al consulado hondure\u00f1o en Tapachula, as\u00ed como apoyo del Instituto Nacional de Migraci\u00f3n (INM), seg\u00fan indic\u00f3 el Diario del Sur.<\/p>\n<p>Los hondure\u00f1os se reunieron con el c\u00f3nsul <strong>Elmer Misael Leiva Cort\u00e9s <\/strong>y le manifestaron que se retiraron de la caravana debido al cansancio, los riesgos y las amenazas de ataque que recibieron.<\/p>\n<p>Uno de los hondure\u00f1os que habl\u00f3 con <a href=\"https:\/\/www.diariodelsur.com.mx\/local\/hondurenos-abandonan-caravana-por-amenazas-y-peligros-optan-por-ayuda-consular-12332725.html\">Diario del Sur<\/a>bajo condici\u00f3n de anonimato explic\u00f3 que el grupo enfrent\u00f3 numerosos desaf\u00edos. \u00abEn el camino nos asaltaron, nos quitaron el dinero y, de los 200 migrantes que \u00edbamos, ya no queda nadie\u00bb, relat\u00f3.<\/p>\n<p>Fuente: Tu Nota.com<\/p>\n","protected":false},"excerpt":{"rendered":"<p>Tegucigalpa | 02.08.2024 Un grupo de al menos 200 hondure\u00f1os solicit\u00f3 asistencia consular en M\u00e9xico despu\u00e9s de abandonar la caravana de migrantes que hab\u00eda salido del municipio de Suchiate, Chiapas, con destino a Tapachula, con la intenci\u00f3n de llegar a Estados Unidos, debido a las amenazas y peligros a los que estaban expuestos, seg\u00fan informaron &hellip;<\/p>\n","protected":false},"author":0,"featured_media":76490,"comment_status":"open","ping_status":"open","sticky":false,"template":"","format":"standard","meta":{"_jetpack_memberships_contains_paid_content":false,"footnotes":""},"categories":[5],"tags":[],"class_list":["post-76489","post","type-post","status-publish","format-standard","has-post-thumbnail","","category-noticias"],"jetpack_sharing_enabled":true,"jetpack_featured_media_url":"https:\/\/mickyandoniehn.com\/radio\/wp-content\/uploads\/2024\/08\/IMG_9368-IZDHDJ.jpeg","_links":{"self":[{"href":"https:\/\/mickyandoniehn.com\/radio\/wp-json\/wp\/v2\/posts\/76489","targetHints":{"allow":["GET"]}}],"collection":[{"href":"https:\/\/mickyandoniehn.com\/radio\/wp-json\/wp\/v2\/posts"}],"about":[{"href":"https:\/\/mickyandoniehn.com\/radio\/wp-json\/wp\/v2\/types\/post"}],"replies":[{"embeddable":true,"href":"https:\/\/mickyandoniehn.com\/radio\/wp-json\/wp\/v2\/comments?post=76489"}],"version-history":[{"count":0,"href":"https:\/\/mickyandoniehn.com\/radio\/wp-json\/wp\/v2\/posts\/76489\/revisions"}],"wp:featuredmedia":[{"embeddable":true,"href":"https:\/\/mickyandoniehn.com\/radio\/wp-json\/wp\/v2\/media\/76490"}],"wp:attachment":[{"href":"https:\/\/mickyandoniehn.com\/radio\/wp-json\/wp\/v2\/media?parent=76489"}],"wp:term":[{"taxonomy":"category","embeddable":true,"href":"https:\/\/mickyandoniehn.com\/radio\/wp-json\/wp\/v2\/categories?post=76489"},{"taxonomy":"post_tag","embeddable":true,"href":"https:\/\/mickyandoniehn.com\/radio\/wp-json\/wp\/v2\/tags?post=76489"}],"curies":[{"name":"wp","href":"https:\/\/api.w.org\/{rel}","templated":true}]}}