{"id":76487,"date":"2024-08-03T01:40:10","date_gmt":"2024-08-03T07:40:10","guid":{"rendered":"http:\/\/mickyandoniehn.com\/radio\/2024\/08\/03\/bandera-de-la-raza-honduras-el-significado-y-que-representan-sus-colores\/"},"modified":"2024-08-03T01:40:10","modified_gmt":"2024-08-03T07:40:10","slug":"bandera-de-la-raza-honduras-el-significado-y-que-representan-sus-colores","status":"publish","type":"post","link":"https:\/\/mickyandoniehn.com\/radio\/2024\/08\/03\/bandera-de-la-raza-honduras-el-significado-y-que-representan-sus-colores\/","title":{"rendered":"Bandera de la Raza Honduras: El Significado y qu\u00e9 representan sus colores"},"content":{"rendered":"<p>Tegucigalpa | 02.08.2024<\/p>\n<p>El D\u00eda de <strong>la Bandera de la Raza en Honduras, o D\u00eda de la Hispanidad, <\/strong>celebra el viaje de Crist\u00f3bal Col\u00f3n en 1492 desde Puerto Palos en Espa\u00f1a.<\/p>\n<p>La Bandera de la Raza fue propuesta por la poetisa uruguaya Juana de Ibarbourou para representar la<strong>identidad de la raza hispana<\/strong> con un s\u00edmbolo distintivo.<\/p>\n<p>Esta bandera es un emblema de la rica herencia y resistencia, tras el transcurso del tiempo, se han vivas sus <strong>tradiciones y costumbres<\/strong>.<\/p>\n<h2>Significado de la bandera de la Raza<\/h2>\n<p>La Bandera de la Raza, dise\u00f1ada por<strong> \u00c1ngel Camblor, <\/strong>Capit\u00e1n del Ej\u00e9rcito de Uruguay, se destaca no solo por sus elementos visuales, sino tambi\u00e9n por su profundo simbolismo.<\/p>\n<p><strong>Camblor <\/strong>gan\u00f3 un concurso para su dise\u00f1o, y su nombre aparece en una de las \u00faltimas estrofas del himno dedicado a esta bandera. Cada color y s\u00edmbolo de la bandera tiene un significado espec\u00edfico.<\/p>\n<p><strong>El blanco <\/strong>representa la paz y la luz<br \/>\nmientras que las tres cruces c\u00f3ncavas en <strong>violeta,<\/strong>inspiradas en las cruces mexicanas o mayas, aluden a las tres embarcaciones de las primeras expediciones de Col\u00f3n.<br \/>\nEl <strong>color morado<\/strong> de las cruces hace referencia al le\u00f3n del Reino de Castilla, y el sol simboliza el amanecer del continente americano.<\/p>\n<p>La bandera no solo simboliza la herencia hispana en su conjunto, sino que tambi\u00e9n est\u00e1 acompa\u00f1ada por el lema <strong>\u00abjusticia, uni\u00f3n, paz y fraternidad\u00bb,<\/strong>valores que el Capit\u00e1n Camblor considera esenciales para la identidad del pueblo hispano.<\/p>\n<p>\u00a0<\/p>\n<p>Fuente: Tu Nota<\/p>\n","protected":false},"excerpt":{"rendered":"<p>Tegucigalpa | 02.08.2024 El D\u00eda de la Bandera de la Raza en Honduras, o D\u00eda de la Hispanidad, celebra el viaje de Crist\u00f3bal Col\u00f3n en 1492 desde Puerto Palos en Espa\u00f1a. La Bandera de la Raza fue propuesta por la poetisa uruguaya Juana de Ibarbourou para representar laidentidad de la raza hispana con un s\u00edmbolo &hellip;<\/p>\n","protected":false},"author":0,"featured_media":76488,"comment_status":"open","ping_status":"open","sticky":false,"template":"","format":"standard","meta":{"_jetpack_memberships_contains_paid_content":false,"footnotes":""},"categories":[5],"tags":[],"class_list":["post-76487","post","type-post","status-publish","format-standard","has-post-thumbnail","","category-noticias"],"jetpack_sharing_enabled":true,"jetpack_featured_media_url":"https:\/\/mickyandoniehn.com\/radio\/wp-content\/uploads\/2024\/08\/IMG_9369-A7UDTx.png","_links":{"self":[{"href":"https:\/\/mickyandoniehn.com\/radio\/wp-json\/wp\/v2\/posts\/76487","targetHints":{"allow":["GET"]}}],"collection":[{"href":"https:\/\/mickyandoniehn.com\/radio\/wp-json\/wp\/v2\/posts"}],"about":[{"href":"https:\/\/mickyandoniehn.com\/radio\/wp-json\/wp\/v2\/types\/post"}],"replies":[{"embeddable":true,"href":"https:\/\/mickyandoniehn.com\/radio\/wp-json\/wp\/v2\/comments?post=76487"}],"version-history":[{"count":0,"href":"https:\/\/mickyandoniehn.com\/radio\/wp-json\/wp\/v2\/posts\/76487\/revisions"}],"wp:featuredmedia":[{"embeddable":true,"href":"https:\/\/mickyandoniehn.com\/radio\/wp-json\/wp\/v2\/media\/76488"}],"wp:attachment":[{"href":"https:\/\/mickyandoniehn.com\/radio\/wp-json\/wp\/v2\/media?parent=76487"}],"wp:term":[{"taxonomy":"category","embeddable":true,"href":"https:\/\/mickyandoniehn.com\/radio\/wp-json\/wp\/v2\/categories?post=76487"},{"taxonomy":"post_tag","embeddable":true,"href":"https:\/\/mickyandoniehn.com\/radio\/wp-json\/wp\/v2\/tags?post=76487"}],"curies":[{"name":"wp","href":"https:\/\/api.w.org\/{rel}","templated":true}]}}