{"id":76485,"date":"2024-08-03T01:40:07","date_gmt":"2024-08-03T07:40:07","guid":{"rendered":"http:\/\/mickyandoniehn.com\/radio\/2024\/08\/03\/lluvias-continuaran-en-casi-todo-honduras-este-viernes\/"},"modified":"2024-08-03T01:40:07","modified_gmt":"2024-08-03T07:40:07","slug":"lluvias-continuaran-en-casi-todo-honduras-este-viernes","status":"publish","type":"post","link":"https:\/\/mickyandoniehn.com\/radio\/2024\/08\/03\/lluvias-continuaran-en-casi-todo-honduras-este-viernes\/","title":{"rendered":"Lluvias continuar\u00e1n en casi todo Honduras este viernes"},"content":{"rendered":"<p>Tegucigalpa | 02.08.2024<\/p>\n<p>Lluvias y chubascos de d\u00e9biles a moderados se pronostican para este viernes en la mayor parte del territorio hondure\u00f1o debido a la convergencia de viento y humedad proveniente del mar Caribe y oc\u00e9ano Pac\u00edfico, seg\u00fan el Centro Nacional de Estudios Atmosf\u00e9ricos, Oceanogr\u00e1fico y S\u00edsmicos (Cenaos).<\/p>\n<p>Las precipitaciones moderadas, acompa\u00f1adas de actividad el\u00e9ctrica, se registrar\u00e1n en las regiones occidental, suroccidental, sur, central y oriental de <strong>Honduras<\/strong>, explic\u00f3 el meteor\u00f3logo de Cenaos, Wil Ochoa.<\/p>\n<div class=\"row\">\n<div class=\"col-md-12\">\n<div class=\"text-center 1625630037460\">\n<div class=\"justify-content-center w-100 banner720\">\n<div>El pron\u00f3stico indica que los acumulados de lluvia oscilar\u00e1n entre cinco y 30 mil\u00edmetros.<\/div>\n<div>\n<p>A nivel nacional, se espera que las <strong>temperaturas <\/strong>fluct\u00faen entre 19 y 26 grados cent\u00edgrados durante la ma\u00f1ana, y que asciendan a entre 30 y 36 grados cent\u00edgrados en el transcurso del d\u00eda, siendo las m\u00e1s altas en los departamentos de <strong>Valle y Choluteca, <\/strong>en la zona sur de Honduras.<\/p>\n<p>El Cenaos ha advertido para agosto el <a href=\"https:\/\/www.tunota.com\/honduras-hoy\/articulo\/banrural-inaugura-su-centro-de-negocios-en-tegucigalpa\">inicio del fen\u00f3meno La Ni\u00f1a<\/a>, que produce precipitaciones fuertes en algunas regiones, con los consiguientes desbordamientos e inundaciones, y en otras provoca sequ\u00edas severas<\/p>\n<\/div>\n<p>Fuente: Tu Nota<\/p>\n<\/div>\n<\/div>\n<\/div>\n<\/div>\n","protected":false},"excerpt":{"rendered":"<p>Tegucigalpa | 02.08.2024 Lluvias y chubascos de d\u00e9biles a moderados se pronostican para este viernes en la mayor parte del territorio hondure\u00f1o debido a la convergencia de viento y humedad proveniente del mar Caribe y oc\u00e9ano Pac\u00edfico, seg\u00fan el Centro Nacional de Estudios Atmosf\u00e9ricos, Oceanogr\u00e1fico y S\u00edsmicos (Cenaos). Las precipitaciones moderadas, acompa\u00f1adas de actividad el\u00e9ctrica, &hellip;<\/p>\n","protected":false},"author":0,"featured_media":76486,"comment_status":"open","ping_status":"open","sticky":false,"template":"","format":"standard","meta":{"_jetpack_memberships_contains_paid_content":false,"footnotes":""},"categories":[5],"tags":[],"class_list":["post-76485","post","type-post","status-publish","format-standard","has-post-thumbnail","","category-noticias"],"jetpack_sharing_enabled":true,"jetpack_featured_media_url":"https:\/\/mickyandoniehn.com\/radio\/wp-content\/uploads\/2024\/08\/IMG_9370-wE2inX.jpeg","_links":{"self":[{"href":"https:\/\/mickyandoniehn.com\/radio\/wp-json\/wp\/v2\/posts\/76485","targetHints":{"allow":["GET"]}}],"collection":[{"href":"https:\/\/mickyandoniehn.com\/radio\/wp-json\/wp\/v2\/posts"}],"about":[{"href":"https:\/\/mickyandoniehn.com\/radio\/wp-json\/wp\/v2\/types\/post"}],"replies":[{"embeddable":true,"href":"https:\/\/mickyandoniehn.com\/radio\/wp-json\/wp\/v2\/comments?post=76485"}],"version-history":[{"count":0,"href":"https:\/\/mickyandoniehn.com\/radio\/wp-json\/wp\/v2\/posts\/76485\/revisions"}],"wp:featuredmedia":[{"embeddable":true,"href":"https:\/\/mickyandoniehn.com\/radio\/wp-json\/wp\/v2\/media\/76486"}],"wp:attachment":[{"href":"https:\/\/mickyandoniehn.com\/radio\/wp-json\/wp\/v2\/media?parent=76485"}],"wp:term":[{"taxonomy":"category","embeddable":true,"href":"https:\/\/mickyandoniehn.com\/radio\/wp-json\/wp\/v2\/categories?post=76485"},{"taxonomy":"post_tag","embeddable":true,"href":"https:\/\/mickyandoniehn.com\/radio\/wp-json\/wp\/v2\/tags?post=76485"}],"curies":[{"name":"wp","href":"https:\/\/api.w.org\/{rel}","templated":true}]}}