{"id":75512,"date":"2024-07-28T10:16:08","date_gmt":"2024-07-28T16:16:08","guid":{"rendered":"http:\/\/mickyandoniehn.com\/radio\/2024\/07\/28\/efemerides-del-28-de-julio-que-paso-un-dia-como-hoy\/"},"modified":"2024-07-28T10:16:08","modified_gmt":"2024-07-28T16:16:08","slug":"efemerides-del-28-de-julio-que-paso-un-dia-como-hoy","status":"publish","type":"post","link":"https:\/\/mickyandoniehn.com\/radio\/2024\/07\/28\/efemerides-del-28-de-julio-que-paso-un-dia-como-hoy\/","title":{"rendered":"Efem\u00e9rides del 28 de julio: \u00bfqu\u00e9 pas\u00f3 un d\u00eda como hoy?"},"content":{"rendered":"<p>28.07.2024<\/p>\n<\/p>\n<h2 class=\"com-subhead --bajada --m-xs-\">Este viernes de 28 de julio es el D\u00eda Mundial contra la Hepatitis, entre otros eventos y aniversarios asociados a la fecha<\/h2>\n<p class=\"com-paragraph  --capital --s\">Las<strong>\u00a0efem\u00e9rides del 28 de julio<\/strong>\u00a0re\u00fanen\u00a0<strong>eventos que pasaron un d\u00eda como hoy, domingo<\/strong>\u00a0en que\u00a0<a class=\"com-link\" title=\"se celebra el D\u00eda Mundial contra la Hepatitis\" href=\"https:\/\/www.lanacion.com.ar\/lifestyle\/cuidado-cuerpo-belleza\/cuales-son-los-cinco-tipos-de-hepatitis-sus-sintomas-como-se-transmite-y-como-cuidar-el-higado-nid27052024\/\" target=\"_self\" rel=\"noopener\">se celebra el\u00a0<strong>D\u00eda Mundial contra la Hepatitis<\/strong><\/a>.<\/p>\n<p class=\"com-paragraph   --s\">Se trata de una\u00a0<strong>enfermedad\u00a0<\/strong>que provoca la\u00a0<strong>inflamaci\u00f3n del h\u00edgado<\/strong>, que tiene diferentes tipos y puede causar una serie de problemas de salud, con el riesgo de ser mortal.<a class=\"com-link\" title=\" Existen cinco tipos de hepatitis: A, B, C, D y E\" href=\"https:\/\/www.lanacion.com.ar\/salud\/dia-mundial-contra-la-hepatitis-sintomas-y-claves-a-tener-en-cuenta-nid28072022\/#:~:text=El%2028%20de%20julio%20de,D%C3%ADa%20Mundial%20contra%20la%20Hepatitis.\/\" target=\"_self\" rel=\"noopener\">\u00a0Existen\u00a0<strong>cinco tipos de hepatitis: A, B, C, D y E<\/strong><\/a>. Los\u00a0<strong>tipos B y C<\/strong>\u00a0provocan una\u00a0<strong>enfermedad cr\u00f3nica\u00a0<\/strong>en cientos de millones de personas y, en su conjunto, son la causa m\u00e1s com\u00fan de defunciones relacionadas con\u00a0<strong>cirrosis hep\u00e1tica, c\u00e1ncer y hepatitis viral.\u00a0<\/strong>Hoy en d\u00eda existen\u00a0<strong>vacunas<\/strong>\u00a0seguras y eficaces disponibles para prevenir la\u00a0<strong>infecci\u00f3n\u00a0<\/strong>de la mayor\u00eda de los tipos de\u00a0<strong>hepatitis<\/strong>. Aunque puede pasar sin s\u00edntomas o de manera leve, cuando una persona contrae esta afecci\u00f3n de manera aguda, los\u00a0<strong>tratamientos\u00a0<\/strong>para lidiar con ella a trav\u00e9s de antivirales son de tipo cr\u00f3nico y se centran en reducir su da\u00f1o, pero no constituyen una cura de la afecci\u00f3n.<\/p>\n<p>Fuente: La Nacion<\/p>\n<div class=\"mod-banner --middle_1_dsk\">\n<div class=\"com-banner\">\n<div><\/div>\n<\/div>\n<\/div>\n","protected":false},"excerpt":{"rendered":"<p>28.07.2024 Este viernes de 28 de julio es el D\u00eda Mundial contra la Hepatitis, entre otros eventos y aniversarios asociados a la fecha Las\u00a0efem\u00e9rides del 28 de julio\u00a0re\u00fanen\u00a0eventos que pasaron un d\u00eda como hoy, domingo\u00a0en que\u00a0se celebra el\u00a0D\u00eda Mundial contra la Hepatitis. Se trata de una\u00a0enfermedad\u00a0que provoca la\u00a0inflamaci\u00f3n del h\u00edgado, que tiene diferentes tipos y &hellip;<\/p>\n","protected":false},"author":0,"featured_media":75513,"comment_status":"open","ping_status":"open","sticky":false,"template":"","format":"standard","meta":{"_jetpack_memberships_contains_paid_content":false,"footnotes":""},"categories":[5],"tags":[],"class_list":["post-75512","post","type-post","status-publish","format-standard","has-post-thumbnail","","category-noticias"],"jetpack_sharing_enabled":true,"jetpack_featured_media_url":"https:\/\/mickyandoniehn.com\/radio\/wp-content\/uploads\/2024\/07\/imagen-de-microscopia-electronica-de-transmision-P46PAVGHOJDZZDO22PPGEB3RI4-YLkaLp.jpeg","_links":{"self":[{"href":"https:\/\/mickyandoniehn.com\/radio\/wp-json\/wp\/v2\/posts\/75512","targetHints":{"allow":["GET"]}}],"collection":[{"href":"https:\/\/mickyandoniehn.com\/radio\/wp-json\/wp\/v2\/posts"}],"about":[{"href":"https:\/\/mickyandoniehn.com\/radio\/wp-json\/wp\/v2\/types\/post"}],"replies":[{"embeddable":true,"href":"https:\/\/mickyandoniehn.com\/radio\/wp-json\/wp\/v2\/comments?post=75512"}],"version-history":[{"count":0,"href":"https:\/\/mickyandoniehn.com\/radio\/wp-json\/wp\/v2\/posts\/75512\/revisions"}],"wp:featuredmedia":[{"embeddable":true,"href":"https:\/\/mickyandoniehn.com\/radio\/wp-json\/wp\/v2\/media\/75513"}],"wp:attachment":[{"href":"https:\/\/mickyandoniehn.com\/radio\/wp-json\/wp\/v2\/media?parent=75512"}],"wp:term":[{"taxonomy":"category","embeddable":true,"href":"https:\/\/mickyandoniehn.com\/radio\/wp-json\/wp\/v2\/categories?post=75512"},{"taxonomy":"post_tag","embeddable":true,"href":"https:\/\/mickyandoniehn.com\/radio\/wp-json\/wp\/v2\/tags?post=75512"}],"curies":[{"name":"wp","href":"https:\/\/api.w.org\/{rel}","templated":true}]}}