{"id":75508,"date":"2024-07-28T09:12:49","date_gmt":"2024-07-28T15:12:49","guid":{"rendered":"http:\/\/mickyandoniehn.com\/radio\/2024\/07\/28\/seis-productos-de-canasta-basica-aumentan-en-precio\/"},"modified":"2024-07-28T09:12:49","modified_gmt":"2024-07-28T15:12:49","slug":"seis-productos-de-canasta-basica-aumentan-en-precio","status":"publish","type":"post","link":"https:\/\/mickyandoniehn.com\/radio\/2024\/07\/28\/seis-productos-de-canasta-basica-aumentan-en-precio\/","title":{"rendered":"Seis productos de canasta b\u00e1sica aumentan en precio"},"content":{"rendered":"<p>28.07.2024<\/p>\n<\/p>\n<p>Seis productos de la canasta b\u00e1sica han subido de precio en el cierre de julio.<\/p>\n<p class=\"mb-6\">Seis productos de la canasta b\u00e1sica de alimentos subieron de precio en el cierre del s\u00e9ptimo mes del 2024, atribuido al exceso de lluvias en zonas productoras aleda\u00f1as a principales mercados y Ferias del Agricultor y del Artesano en Tegucigalpa.<\/p>\n<p class=\"mb-6\">El presidente de la Asociaci\u00f3n para la Defensa de la Canasta B\u00e1sica de Honduras (Adecabah), Adalid Ir\u00edas, inform\u00f3 que la cabeza de ajo aument\u00f3 de 25 a 30 lempiras, el ayote se cotiza a 60 lempiras, en semanas recientes costaba 10 lempiras.<\/p>\n<p class=\"mb-6\">Se suman alzas a alimentos como la remolacha que de 30 pas\u00f3 a costar 40 lempiras, el mazo, la zanahoria ahora se cotiza a 25 lempiras. Frutas como el mel\u00f3n elevaron su costo de 40 a 50 lempiras, agreg\u00f3 el defensor de los consumidores. En una buena noticia, el br\u00f3coli baj\u00f3 de 40 a 30 lempiras y la cebolla roja descendi\u00f3 a 30 despu\u00e9s de cotizarse a 35 lempiras.<\/p>\n<p>Los precios de algunas verduras y legumbres siguen siendo altos para consumidores.<\/p>\n<p class=\"mb-6\">El culantro de castilla, siempre en mazo, registr\u00f3 rebaja de 15 a 10 lempiras.<\/p>\n<p class=\"mb-6\">\u201cLa lechuga ahora se cotiza en 30 lempiras, el pataste se compra a 10 lempiras despu\u00e9s que semanas atr\u00e1s se compraba por 25 lempiras\u201d, destac\u00f3 Ir\u00edas al referir que estas hortalizas han descendido al valor que presentaban en semanas anteriores.<\/p>\n<p class=\"mb-6\">No obstante, traccionaron preocupados por los altos precios, refiriendo que nunca se hab\u00eda visto que la libra de zanahoria costara 28 lempiras.<\/p>\n<p class=\"mb-6\">Agricultores insisten que el cultivo de hortalizas es vulnerable a las lluvias. Por su parte, en la Feria del Agricultor y del Artesano, la libra de tomate se ofrece a 15 lempiras, pero en otros mercados vale 20 lempiras.<\/p>\n<p>Afortunadamente, las carnes contin\u00faan con su precio de semanas anteriores.<\/p>\n<p class=\"mb-6\">\u201cAqu\u00ed se trata de mantener los precios entre uno y dos lempiras m\u00e1s bajos\u201d, se\u00f1al\u00f3 uno de los vendedores.<\/p>\n<div class=\"fs-dynamic\">\n<div>\n<p class=\"mb-6\">Otra buena noticia se relaciona con el precio de los l\u00e1cteos que sigue igual, debido a que las lluvias han favorecido en el crecimiento de pastos utilizados pata alimentar a las vacas y elevar su producci\u00f3n de leche.<\/p>\n<p class=\"mb-6\">La libra de queso se vende a 54 lempiras, el quesillo a 52 y variedades como el semiseco a 70 lempiras. Entre tanto, el precio del cart\u00f3n de huevos se mantiene a 75 lempiras y a 2 y 2.50 lempiras la unidad.<\/p>\n<div>\n<div>\n<div class=\"max-w-[1200px] mx-4 md:mx-12 xl:mx-auto\">\n<div class=\"news-content md:text-[18px] lg:text-[19px] lg:leading-[21.85px]\">\n<p class=\"mb-6\">La libra de pollo contin\u00faa con el mismo precio de semanas anteriores, en el orden de 27 lempiras, la carne de res cuesta 83, de acuerdo con el mismo monitoreo.\u00a0<strong><em>(DS)<\/em><\/strong><\/p>\n<p>El precio de los huevos se ha mantenido por varias semanas consecutivas, pero no se descartan incrementos.<\/p>\n<p class=\"mb-6\"><strong><em>DATOS<\/em><\/strong><br \/>\n<em>La variaci\u00f3n del \u00cdndice de Precios al Consumidor (IPC) al cierre de junio, desaceler\u00f3 a una tasa interanual de 4.87 por ciento, inferior en 0.73 puntos porcentuales (pp) a la registrada doce meses atr\u00e1s (5.60%) y la m\u00e1s baja para los \u00faltimos tres a\u00f1os, en el mismo mes, destac\u00f3 el Banco Central de Honduras (BCH). Por su parte, de manera acumulada la inflaci\u00f3n fue de 2.19 por ciento a junio de 2024, la m\u00e1s baja para este mismo mes de los \u00faltimos tres a\u00f1os. Desde el gobierno, destacaron que las medidas de pol\u00edtica monetaria, cambiaria y fiscales aplicadas por la autoridad monetaria y el gobierno de la Rep\u00fablica aminoraron en aproximadamente 1.71 pp la inflaci\u00f3n interanual hasta 4.87 por ciento (6.58% sin medidas de pol\u00edtica).<\/em><\/p>\n<p>Hondure\u00f1os exigen la intervenci\u00f3n de protecci\u00f3n al consumidor ante los incrementos desmedidos.\n<\/p><\/div>\n<div>\n<div>\n<div><\/div>\n<div class=\"cnx-ui-wrapper cnx-bp-xl-lit\">\n<div class=\"cnx-ui-top-bar-container cnx-bp-xl-lit\">\n<div class=\"symbol-title-group\">Fuente: La Tribuna<\/div>\n<\/div>\n<div class=\"cnx-ui-bottom-bar-container cnx-bp-xl-lit\">\n<div class=\"menu\">\n<div class=\"menu--items-wrapper cnx-scrollbar cnx-scrollbar-show-on-hover\">\n<div class=\"cnx-scrollbar-wrapper\">\n<div class=\"cnx-scrollbar-content\">\n<div class=\"menu-item  hasLabel \">\n<div class=\"menu-item--title\"><\/div>\n<div class=\"menu-item--label\"><\/div>\n<\/div>\n<div class=\"menu-item  hasLabel \">\n<div class=\"menu-item--title\"><\/div>\n<div class=\"menu-item--label\"><\/div>\n<\/div>\n<div class=\"menu-item  hasLabel \">\n<div class=\"menu-item--title\"><\/div>\n<div class=\"menu-item--label\"><\/div>\n<\/div>\n<div class=\"menu-item hasLabel selected\">\n<div class=\"menu-item--title\"><\/div>\n<div class=\"menu-item--label\"><\/div>\n<\/div>\n<\/div>\n<\/div>\n<div class=\"cnx-scrollbar-handle\"><\/div>\n<\/div>\n<\/div>\n<div class=\"cnx-button cnx-bp-xl-lit \"><\/div>\n<\/div>\n<div class=\"context-anchor\"><\/div>\n<div class=\"menu\">\n<div class=\"menu--items-wrapper cnx-scrollbar cnx-scrollbar-show-on-hover\">\n<div class=\"cnx-scrollbar-wrapper\">\n<div class=\"cnx-scrollbar-content\">\n<div class=\"menu-item  hasLabel \">\n<div class=\"menu-item--title\">\n<div class=\"logo-wrapper\"><\/div>\n<\/div>\n<div class=\"menu-item--label\"><\/div>\n<\/div>\n<\/div>\n<\/div>\n<div class=\"cnx-scrollbar-handle\"><\/div>\n<\/div>\n<\/div>\n<\/div>\n<p><span class=\"cnx-tooltip-render-container\"><\/span><\/p>\n<div class=\"cnx-non-linear-ad-container cnx-full-height \"><\/div>\n<div class=\"cnx-ad-container cnx-full-height \">\n<div class=\"cnx-ad-bid-slot\">\n<div class=\"cnx-ad-slot\">\n<div class=\"cnx-ad-slot\"><\/div>\n<\/div>\n<\/div>\n<\/div>\n<\/div>\n<\/div>\n<div class=\"border-t border-black false false false my-[40px]\"><\/div>\n<div class=\"false false\">\n<div class=\"overflow-hidden min-h-[90px]\">\n<div>\n<div class=\"min-h-[90px] grid place-items-center\"><\/div>\n<\/div>\n<\/div>\n<\/div>\n<\/div>\n<\/div>\n<\/div>\n<div><\/div>\n<\/p>\n<div class=\"onesignal-bell-container onesignal-reset onesignal-bell-container-bottom-right\">\n<div class=\"onesignal-bell-launcher onesignal-bell-launcher-md onesignal-bell-launcher-bottom-right onesignal-bell-launcher-theme-default onesignal-bell-launcher-active\">\n<div class=\"onesignal-bell-launcher-button\"><\/div>\n<div class=\"onesignal-bell-launcher-badge\"><\/div>\n<div class=\"onesignal-bell-launcher-message\">\n<div class=\"onesignal-bell-launcher-message-body\"><\/div>\n<\/div>\n<div class=\"onesignal-bell-launcher-dialog\">\n<div class=\"onesignal-bell-launcher-dialog-body\"><\/div>\n<\/div>\n<\/div>\n<\/div>\n<div class=\"fs-dynamic\">\n<div>\n<div><\/div>\n<\/div>\n<\/div>\n<\/div>\n<\/div>\n<div class=\"fs-dynamic\">\n<div><\/div>\n<\/div>\n","protected":false},"excerpt":{"rendered":"<p>28.07.2024 Seis productos de la canasta b\u00e1sica han subido de precio en el cierre de julio. Seis productos de la canasta b\u00e1sica de alimentos subieron de precio en el cierre del s\u00e9ptimo mes del 2024, atribuido al exceso de lluvias en zonas productoras aleda\u00f1as a principales mercados y Ferias del Agricultor y del Artesano en &hellip;<\/p>\n","protected":false},"author":0,"featured_media":75509,"comment_status":"open","ping_status":"open","sticky":false,"template":"","format":"standard","meta":{"_jetpack_memberships_contains_paid_content":false,"footnotes":""},"categories":[5],"tags":[],"class_list":["post-75508","post","type-post","status-publish","format-standard","has-post-thumbnail","","category-noticias"],"jetpack_sharing_enabled":true,"jetpack_featured_media_url":"https:\/\/mickyandoniehn.com\/radio\/wp-content\/uploads\/2024\/07\/CANASTA-1-1-9LE504.jpeg","_links":{"self":[{"href":"https:\/\/mickyandoniehn.com\/radio\/wp-json\/wp\/v2\/posts\/75508","targetHints":{"allow":["GET"]}}],"collection":[{"href":"https:\/\/mickyandoniehn.com\/radio\/wp-json\/wp\/v2\/posts"}],"about":[{"href":"https:\/\/mickyandoniehn.com\/radio\/wp-json\/wp\/v2\/types\/post"}],"replies":[{"embeddable":true,"href":"https:\/\/mickyandoniehn.com\/radio\/wp-json\/wp\/v2\/comments?post=75508"}],"version-history":[{"count":0,"href":"https:\/\/mickyandoniehn.com\/radio\/wp-json\/wp\/v2\/posts\/75508\/revisions"}],"wp:featuredmedia":[{"embeddable":true,"href":"https:\/\/mickyandoniehn.com\/radio\/wp-json\/wp\/v2\/media\/75509"}],"wp:attachment":[{"href":"https:\/\/mickyandoniehn.com\/radio\/wp-json\/wp\/v2\/media?parent=75508"}],"wp:term":[{"taxonomy":"category","embeddable":true,"href":"https:\/\/mickyandoniehn.com\/radio\/wp-json\/wp\/v2\/categories?post=75508"},{"taxonomy":"post_tag","embeddable":true,"href":"https:\/\/mickyandoniehn.com\/radio\/wp-json\/wp\/v2\/tags?post=75508"}],"curies":[{"name":"wp","href":"https:\/\/api.w.org\/{rel}","templated":true}]}}