{"id":75491,"date":"2024-07-27T15:12:54","date_gmt":"2024-07-27T21:12:54","guid":{"rendered":"http:\/\/mickyandoniehn.com\/radio\/2024\/07\/27\/honduras-avanza-como-lider-a-los-cuartos-de-final-del-premundial-sub-20\/"},"modified":"2024-07-27T15:12:54","modified_gmt":"2024-07-27T21:12:54","slug":"honduras-avanza-como-lider-a-los-cuartos-de-final-del-premundial-sub-20","status":"publish","type":"post","link":"https:\/\/mickyandoniehn.com\/radio\/2024\/07\/27\/honduras-avanza-como-lider-a-los-cuartos-de-final-del-premundial-sub-20\/","title":{"rendered":"Honduras avanza como l\u00edder a los cuartos de final del Premundial Sub-20"},"content":{"rendered":"<p>27.07.2024<\/p>\n<\/p>\n<p>\u00a1Estamos m\u00e1s cerca que nunca! La Selecci\u00f3n de\u00a0<strong><a href=\"https:\/\/www.honduras.com\/deportes\/juegos-olimpicos\/honduras-destaca-en-inauguracion-de-los-juegos-olimpicos-de-paris-2024\/\">Honduras<\/a>\u00a0<\/strong>gole\u00f3 5-2 a su similar de Rep\u00fablica Dominicana y avanz\u00f3 como l\u00edder del grupo B a los\u00a0<strong>cuartos<\/strong>\u00a0de final del\u00a0<strong>Premundial Sub-20\u00a0<\/strong>de la Concacaf.<\/p>\n<p>La Bicolor juvenil se impuso sin problemas a los caribe\u00f1os en el Estadio Sergio Le\u00f3n Ch\u00e1vez de la ciudad de Irapuato, M\u00e9xico, terminando como puntera de su sector con siete puntos, por diferencia de goles, con respecto a Canad\u00e1.<\/p>\n<p>En la siguiente ronda los dirigidos por Emilson Soto se enfrentar\u00e1n a lCuba que cerr\u00f3 tercero del grupo A.<\/p>\n<p>Apenas a los 12 minutos, Honduras abri\u00f3 el marcador. Justin Ponce, jugador de Lobos UPNFM, convirti\u00f3 en gol un penal, al mandar un remate al costado inferior derecho del arco defendido por Edwin Fr\u00edas.<\/p>\n<p>Antes del descanso, el atacante del Olimpia, Didier Paguada e abri\u00f3 al costado izquierdo y con ese mismo perfil meti\u00f3 un tremendo trallazo que se col\u00f3 al costado izquierdo del guardi\u00e1n caribe\u00f1o.<\/p>\n<p>En el 77\u2019 un pase de cabeza de Math\u00edas V\u00e1zquez a Didier Paguada y el juvenil olimpista tom\u00f3 el bal\u00f3n y defini\u00f3 de zurda para el establecer 3-0, y su segundo gol de la noche.<\/p>\n<p>Fuente: Honduras.com<\/p>\n","protected":false},"excerpt":{"rendered":"<p>27.07.2024 \u00a1Estamos m\u00e1s cerca que nunca! La Selecci\u00f3n de\u00a0Honduras\u00a0gole\u00f3 5-2 a su similar de Rep\u00fablica Dominicana y avanz\u00f3 como l\u00edder del grupo B a los\u00a0cuartos\u00a0de final del\u00a0Premundial Sub-20\u00a0de la Concacaf. La Bicolor juvenil se impuso sin problemas a los caribe\u00f1os en el Estadio Sergio Le\u00f3n Ch\u00e1vez de la ciudad de Irapuato, M\u00e9xico, terminando como puntera &hellip;<\/p>\n","protected":false},"author":0,"featured_media":75492,"comment_status":"open","ping_status":"open","sticky":false,"template":"","format":"standard","meta":{"_jetpack_memberships_contains_paid_content":false,"footnotes":""},"categories":[5],"tags":[],"class_list":["post-75491","post","type-post","status-publish","format-standard","has-post-thumbnail","","category-noticias"],"jetpack_sharing_enabled":true,"jetpack_featured_media_url":"https:\/\/mickyandoniehn.com\/radio\/wp-content\/uploads\/2024\/07\/rd-1eRQrL.jpeg","_links":{"self":[{"href":"https:\/\/mickyandoniehn.com\/radio\/wp-json\/wp\/v2\/posts\/75491","targetHints":{"allow":["GET"]}}],"collection":[{"href":"https:\/\/mickyandoniehn.com\/radio\/wp-json\/wp\/v2\/posts"}],"about":[{"href":"https:\/\/mickyandoniehn.com\/radio\/wp-json\/wp\/v2\/types\/post"}],"replies":[{"embeddable":true,"href":"https:\/\/mickyandoniehn.com\/radio\/wp-json\/wp\/v2\/comments?post=75491"}],"version-history":[{"count":0,"href":"https:\/\/mickyandoniehn.com\/radio\/wp-json\/wp\/v2\/posts\/75491\/revisions"}],"wp:featuredmedia":[{"embeddable":true,"href":"https:\/\/mickyandoniehn.com\/radio\/wp-json\/wp\/v2\/media\/75492"}],"wp:attachment":[{"href":"https:\/\/mickyandoniehn.com\/radio\/wp-json\/wp\/v2\/media?parent=75491"}],"wp:term":[{"taxonomy":"category","embeddable":true,"href":"https:\/\/mickyandoniehn.com\/radio\/wp-json\/wp\/v2\/categories?post=75491"},{"taxonomy":"post_tag","embeddable":true,"href":"https:\/\/mickyandoniehn.com\/radio\/wp-json\/wp\/v2\/tags?post=75491"}],"curies":[{"name":"wp","href":"https:\/\/api.w.org\/{rel}","templated":true}]}}