{"id":75489,"date":"2024-07-27T15:12:52","date_gmt":"2024-07-27T21:12:52","guid":{"rendered":"http:\/\/mickyandoniehn.com\/radio\/2024\/07\/27\/honduras-destaca-en-inauguracion-de-los-juegos-olimpicos-de-paris-2024\/"},"modified":"2024-07-27T15:12:52","modified_gmt":"2024-07-27T21:12:52","slug":"honduras-destaca-en-inauguracion-de-los-juegos-olimpicos-de-paris-2024","status":"publish","type":"post","link":"https:\/\/mickyandoniehn.com\/radio\/2024\/07\/27\/honduras-destaca-en-inauguracion-de-los-juegos-olimpicos-de-paris-2024\/","title":{"rendered":"Honduras destaca en inauguraci\u00f3n de los Juegos Ol\u00edmpicos de Paris 2024"},"content":{"rendered":"<p>27.07.2017<\/p>\n<\/p>\n<p>\u00a1Orgullo catracho! La delegaci\u00f3n de\u00a0<strong>Honduras<\/strong>\u00a0brill\u00f3 en el desfile de inauguraci\u00f3n de los\u00a0<strong>Juegos Ol\u00edmpicos<\/strong>\u00a0de\u00a0<a href=\"https:\/\/www.honduras.com\/deportes\/juegos-olimpicos\/coh-confirma-el-horario-de-los-atletas-hondurenos-en-paris-2024\/\"><strong>Par\u00eds<\/strong><\/a>\u00a02024, que se llev\u00f3 a cabo en el R\u00edo Sena de Francia.<\/p>\n<p>Con la participaci\u00f3n de los cuatro atletas hondure\u00f1os y dos delegados, el pa\u00eds cinco estrellas se hizo presente en la justa ol\u00edmpica de la capital francesa, siendo uno de los 200 pa\u00edses afiliados al COI que participan en 2024.<\/p>\n<p>Dicha ceremonia fue presidida por el presidente del gobierno franc\u00e9s, Emmanuel Macron, el presidente del comit\u00e9 Ol\u00edmpico, Thomas Bach y la alcaldesa de\u00a0<strong>Par\u00eds<\/strong>, Anne Hidalgo.<\/p>\n<p>El luchador ol\u00edmpico, Kevin Mej\u00eda encabez\u00f3 a la delegaci\u00f3n, siendo el abanderado al portar con orgullo la Bandera Nacional.<\/p>\n<p>Los otros deportistas participantes son Julimar \u00c1vila y Julio Horrego (Nataci\u00f3n) y Malique Garc\u00eda (Atletismo), que luchar\u00e1n por una medalla en sus respectivas disciplinas.<\/p>\n<p>De igual manera, la delegaci\u00f3n la completan la jefa de Misi\u00f3n, Mar\u00eda del Carmen Figueroa, tambi\u00e9n est\u00e1 acompa\u00f1ada por el metod\u00f3logo cubano Alberto Barrera, la doctora Eva Villalta y los entrenadores de Atletismo, Nataci\u00f3n y Lucha Ol\u00edmpica. \u00a1Enhorabuena, compatriotas!<\/p>\n<p>Fuente: Honduras.com<\/p>\n","protected":false},"excerpt":{"rendered":"<p>27.07.2017 \u00a1Orgullo catracho! La delegaci\u00f3n de\u00a0Honduras\u00a0brill\u00f3 en el desfile de inauguraci\u00f3n de los\u00a0Juegos Ol\u00edmpicos\u00a0de\u00a0Par\u00eds\u00a02024, que se llev\u00f3 a cabo en el R\u00edo Sena de Francia. Con la participaci\u00f3n de los cuatro atletas hondure\u00f1os y dos delegados, el pa\u00eds cinco estrellas se hizo presente en la justa ol\u00edmpica de la capital francesa, siendo uno de los &hellip;<\/p>\n","protected":false},"author":0,"featured_media":75490,"comment_status":"open","ping_status":"open","sticky":false,"template":"","format":"standard","meta":{"_jetpack_memberships_contains_paid_content":false,"footnotes":""},"categories":[5],"tags":[],"class_list":["post-75489","post","type-post","status-publish","format-standard","has-post-thumbnail","","category-noticias"],"jetpack_sharing_enabled":true,"jetpack_featured_media_url":"https:\/\/mickyandoniehn.com\/radio\/wp-content\/uploads\/2024\/07\/paris-1-wpjF48.jpeg","_links":{"self":[{"href":"https:\/\/mickyandoniehn.com\/radio\/wp-json\/wp\/v2\/posts\/75489","targetHints":{"allow":["GET"]}}],"collection":[{"href":"https:\/\/mickyandoniehn.com\/radio\/wp-json\/wp\/v2\/posts"}],"about":[{"href":"https:\/\/mickyandoniehn.com\/radio\/wp-json\/wp\/v2\/types\/post"}],"replies":[{"embeddable":true,"href":"https:\/\/mickyandoniehn.com\/radio\/wp-json\/wp\/v2\/comments?post=75489"}],"version-history":[{"count":0,"href":"https:\/\/mickyandoniehn.com\/radio\/wp-json\/wp\/v2\/posts\/75489\/revisions"}],"wp:featuredmedia":[{"embeddable":true,"href":"https:\/\/mickyandoniehn.com\/radio\/wp-json\/wp\/v2\/media\/75490"}],"wp:attachment":[{"href":"https:\/\/mickyandoniehn.com\/radio\/wp-json\/wp\/v2\/media?parent=75489"}],"wp:term":[{"taxonomy":"category","embeddable":true,"href":"https:\/\/mickyandoniehn.com\/radio\/wp-json\/wp\/v2\/categories?post=75489"},{"taxonomy":"post_tag","embeddable":true,"href":"https:\/\/mickyandoniehn.com\/radio\/wp-json\/wp\/v2\/tags?post=75489"}],"curies":[{"name":"wp","href":"https:\/\/api.w.org\/{rel}","templated":true}]}}