{"id":75454,"date":"2024-07-26T11:12:45","date_gmt":"2024-07-26T17:12:45","guid":{"rendered":"http:\/\/mickyandoniehn.com\/radio\/2024\/07\/26\/honduras-en-la-historia-26-de-julio-de-1872carlos-celeo-arias-lopez-presidente-de-honduras-de-facto-2\/"},"modified":"2024-07-26T11:12:45","modified_gmt":"2024-07-26T17:12:45","slug":"honduras-en-la-historia-26-de-julio-de-1872carlos-celeo-arias-lopez-presidente-de-honduras-de-facto-2","status":"publish","type":"post","link":"https:\/\/mickyandoniehn.com\/radio\/2024\/07\/26\/honduras-en-la-historia-26-de-julio-de-1872carlos-celeo-arias-lopez-presidente-de-honduras-de-facto-2\/","title":{"rendered":"Honduras en la Historia: 26 De Julio de 1872,Carlos C\u00e9leo Arias L\u00f3pez, Presidente De Honduras (De Facto)"},"content":{"rendered":"<\/p>\n<p>\u00a0<\/p>\n<div class=\"xdj266r x11i5rnm xat24cr x1mh8g0r x1vvkbs x126k92a\">\n<div>Honduras en la Historia, 26 de Julio 1872<\/div>\n<div>Carlos C\u00e9leo Arias L\u00f3pez, Presidente De Honduras (De Facto)<\/div>\n<\/div>\n<div class=\"x11i5rnm xat24cr x1mh8g0r x1vvkbs xtlvy1s x126k92a\">\n<div>(Naci\u00f3 el 2 de febrero de 1835 en Goascor\u00e1n, Valle \u2013 falleci\u00f3 el 28 de mayo de 1890 en Comayagua, Honduras)<\/div>\n<div>Presidente de la rep\u00fablica de Honduras que ejerci\u00f3 durante veinte meses<\/div>\n<div>(12 de mayo 1872 al 13 de enero 1874).<\/div>\n<\/div>\n<div class=\"x11i5rnm xat24cr x1mh8g0r x1vvkbs xtlvy1s x126k92a\">\n<div>Partido pol\u00edtico: Liga Liberal<\/div>\n<div>Arias lleg\u00f3 al poder como consecuencia de la guerra que estall\u00f3 en marzo de 1872 entre Honduras, gobernada por el general Jos\u00e9 Mar\u00eda Medina, y la alianza de Guatemala y El Salvador, que estaban regidos por gobiernos liberales y anticlericales. Las tropas de estos dos pa\u00edses derrotaron a las fuerzas de Medina e impusieron como gobernante a C\u00e9leo Arias el 12 de mayo de 1872 en Candelaria.<\/div>\n<\/div>\n<div class=\"x11i5rnm xat24cr x1mh8g0r x1vvkbs xtlvy1s x126k92a\">\n<div>El 25 de noviembre de 1872, el presidente Arias, envi\u00f3 nota donde suma a Honduras al \u00abPlan Colombiano\u00bb exponiendo las virtudes de dicha anexi\u00f3n y proyecto en Hispanoam\u00e9rica, asimismo lo desvela como una \u00abObra de hermanos\u00bb; este t\u00edtulo de arias fue publicado por el Diario \u00abLa Independencia\u00bb de Nueva York seg\u00fan lo expresado por el embajador Juan Nepomuceno Venero.<\/div>\n<\/div>\n<div class=\"x11i5rnm xat24cr x1mh8g0r x1vvkbs xtlvy1s x126k92a\">\n<div>Bajo el gobierno de Arias, se promulg\u00f3 la constituci\u00f3n de 1873, que confirm\u00f3 el mandato presidencial en 4 a\u00f1os.<\/div>\n<div>Como Presidente de Honduras, C\u00e9leo Arias formul\u00f3 la idea de una reuni\u00f3n de gobernantes de todos los pa\u00edses centroamericanos, para discutir la posibilidad de restablecer la uni\u00f3n regional.<\/div>\n<\/div>\n<div class=\"x11i5rnm xat24cr x1mh8g0r x1vvkbs xtlvy1s x126k92a\">\n<div>La idea fue respaldada y promovida activamente por el Ministro de los Estados Unidos en Centroam\u00e9rica, George William, con el respaldo de su gobierno, y obtuvo el apoyo de Costa Rica, El Salvador y Guatemala, pero el Presidente de Nicaragua manifest\u00f3 que la Constituci\u00f3n no le permit\u00eda salir del pa\u00eds. La propuesta se debilit\u00f3 y poco despu\u00e9s se agriaron las relaciones de Honduras con Guatemala y El Salvador.<\/div>\n<div>FILOSOFIA LIBERAL<\/div>\n<div>Carlos C\u00e9leo Arias L\u00f3pez, est\u00e1 considerado un baluarte dentro de la filosof\u00eda liberal hondure\u00f1a, sus inicios en crear un partido coincidieron con las ideolog\u00edas de Marco Aurelio Soto y Policarpo Bonilla.<\/div>\n<\/div>\n<div class=\"x11i5rnm xat24cr x1mh8g0r x1vvkbs xtlvy1s x126k92a\">\n<div>En su caso, Arias fue candidato por su propio partido Liga Liberal de Honduras con los cuales sostuvo candidaturas oficiales en las Elecciones generales de Honduras de 1881, donde gan\u00f3 el doctor Marco Aurelio Soto candidato del Partido Liberal, seguidamente en las Elecciones generales de Honduras de 1883 ganar\u00eda el general conservador Luis Bogr\u00e1n y en su \u00faltimo intento en las Elecciones generales de Honduras de 1887 volver\u00eda a perder con Bogr\u00e1n, que fue reelecto como presidente de Honduras.<\/div>\n<\/div>\n<div class=\"x11i5rnm xat24cr x1mh8g0r x1vvkbs xtlvy1s x126k92a\">\n<div>A la muerte de Arias en 1890, Policarpo Bonilla atraer\u00eda al Partido Liberal la filosof\u00eda de la Liga Liberal, fund\u00e1ndose as\u00ed el actual Partido Liberal de Honduras.<\/div>\n<\/div>\n<p>\u00a0<\/p>\n<p>\u00a0<\/p><\/p>\n","protected":false},"excerpt":{"rendered":"<p>\u00a0 Honduras en la Historia, 26 de Julio 1872 Carlos C\u00e9leo Arias L\u00f3pez, Presidente De Honduras (De Facto) (Naci\u00f3 el 2 de febrero de 1835 en Goascor\u00e1n, Valle \u2013 falleci\u00f3 el 28 de mayo de 1890 en Comayagua, Honduras) Presidente de la rep\u00fablica de Honduras que ejerci\u00f3 durante veinte meses (12 de mayo 1872 al &hellip;<\/p>\n","protected":false},"author":0,"featured_media":60750,"comment_status":"open","ping_status":"open","sticky":false,"template":"","format":"standard","meta":{"_jetpack_memberships_contains_paid_content":false,"footnotes":""},"categories":[5],"tags":[],"class_list":["post-75454","post","type-post","status-publish","format-standard","has-post-thumbnail","","category-noticias"],"jetpack_sharing_enabled":true,"jetpack_featured_media_url":"https:\/\/mickyandoniehn.com\/radio\/wp-content\/uploads\/2023\/07\/Captura-6-dnb4nt.jpeg","_links":{"self":[{"href":"https:\/\/mickyandoniehn.com\/radio\/wp-json\/wp\/v2\/posts\/75454","targetHints":{"allow":["GET"]}}],"collection":[{"href":"https:\/\/mickyandoniehn.com\/radio\/wp-json\/wp\/v2\/posts"}],"about":[{"href":"https:\/\/mickyandoniehn.com\/radio\/wp-json\/wp\/v2\/types\/post"}],"replies":[{"embeddable":true,"href":"https:\/\/mickyandoniehn.com\/radio\/wp-json\/wp\/v2\/comments?post=75454"}],"version-history":[{"count":0,"href":"https:\/\/mickyandoniehn.com\/radio\/wp-json\/wp\/v2\/posts\/75454\/revisions"}],"wp:featuredmedia":[{"embeddable":true,"href":"https:\/\/mickyandoniehn.com\/radio\/wp-json\/wp\/v2\/media\/60750"}],"wp:attachment":[{"href":"https:\/\/mickyandoniehn.com\/radio\/wp-json\/wp\/v2\/media?parent=75454"}],"wp:term":[{"taxonomy":"category","embeddable":true,"href":"https:\/\/mickyandoniehn.com\/radio\/wp-json\/wp\/v2\/categories?post=75454"},{"taxonomy":"post_tag","embeddable":true,"href":"https:\/\/mickyandoniehn.com\/radio\/wp-json\/wp\/v2\/tags?post=75454"}],"curies":[{"name":"wp","href":"https:\/\/api.w.org\/{rel}","templated":true}]}}