{"id":75450,"date":"2024-07-26T11:12:41","date_gmt":"2024-07-26T17:12:41","guid":{"rendered":"http:\/\/mickyandoniehn.com\/radio\/2024\/07\/26\/el-gobierno-de-mexico-revela-que-no-participo-en-la-captura-de-el-mayo-zambada-en-eeuu\/"},"modified":"2024-07-26T11:12:41","modified_gmt":"2024-07-26T17:12:41","slug":"el-gobierno-de-mexico-revela-que-no-participo-en-la-captura-de-el-mayo-zambada-en-eeuu","status":"publish","type":"post","link":"https:\/\/mickyandoniehn.com\/radio\/2024\/07\/26\/el-gobierno-de-mexico-revela-que-no-participo-en-la-captura-de-el-mayo-zambada-en-eeuu\/","title":{"rendered":"El Gobierno de M\u00e9xico revela que \u201cno particip\u00f3\u201d en la captura de \u2018El Mayo\u2019 Zambada en EEUU"},"content":{"rendered":"<p>Tegucigalpa | 26.07.2024<\/p>\n<p class=\"mb-6\">El Gobierno mexicano revel\u00f3 este viernes que \u201cno particip\u00f3\u201d en el operativo de Estados Unidos para detener el jueves a Ismael \u2018El Mayo\u2019 Zambada, cofundador del Cartel de Sinaloa, y a Joaqu\u00edn Guzm\u00e1n L\u00f3pez, uno de los hijos de \u2018El Chapo\u2019 Guzm\u00e1n, en Texas.<\/p>\n<p class=\"mb-6\">\u201cEl Gobierno de M\u00e9xico no particip\u00f3 en esta detenci\u00f3n o entrega, esto no es as\u00ed, y vamos a seguir colaborando con el Gobierno de Estados Unidos, como lo hemos hecho hasta esta ocasi\u00f3n\u201d, declar\u00f3 la secretaria de Seguridad y Protecci\u00f3n Ciudadana (SSPC), Rosa Icela Rodr\u00edguez, en la conferencia matutina del Palacio Nacional.<\/p>\n<p class=\"mb-6\">La funcionaria expres\u00f3 que el Gobierno de Estados Unidos se comunic\u00f3 el jueves despu\u00e9s del arresto de ambos l\u00edderes narcotraficantes en un operativo en un peque\u00f1o aer\u00f3dromo cercano a El Paso, en Texas, donde las autoridades les imputar\u00e1n cargos por fabricaci\u00f3n de drogas y manejo de redes de narcotr\u00e1fico.<\/p>\n<p class=\"mb-6\">La SSPC recibi\u00f3 una primera llamada a las 15:30 horas (21:30 GMT) de la Embajada de Estados Unidos, que report\u00f3 que Zambada y Guzm\u00e1n L\u00f3pez ya \u201cse encontraban bajo custodia de las autoridades en El Paso, Texas\u201d.<\/p>\n<p>Fuente: La Tribuna<\/p>\n","protected":false},"excerpt":{"rendered":"<p>Tegucigalpa | 26.07.2024 El Gobierno mexicano revel\u00f3 este viernes que \u201cno particip\u00f3\u201d en el operativo de Estados Unidos para detener el jueves a Ismael \u2018El Mayo\u2019 Zambada, cofundador del Cartel de Sinaloa, y a Joaqu\u00edn Guzm\u00e1n L\u00f3pez, uno de los hijos de \u2018El Chapo\u2019 Guzm\u00e1n, en Texas. \u201cEl Gobierno de M\u00e9xico no particip\u00f3 en esta &hellip;<\/p>\n","protected":false},"author":0,"featured_media":75451,"comment_status":"open","ping_status":"open","sticky":false,"template":"","format":"standard","meta":{"_jetpack_memberships_contains_paid_content":false,"footnotes":""},"categories":[5],"tags":[],"class_list":["post-75450","post","type-post","status-publish","format-standard","has-post-thumbnail","","category-noticias"],"jetpack_sharing_enabled":true,"jetpack_featured_media_url":"https:\/\/mickyandoniehn.com\/radio\/wp-content\/uploads\/2024\/07\/IMG_9019-dpr7VK.jpeg","_links":{"self":[{"href":"https:\/\/mickyandoniehn.com\/radio\/wp-json\/wp\/v2\/posts\/75450","targetHints":{"allow":["GET"]}}],"collection":[{"href":"https:\/\/mickyandoniehn.com\/radio\/wp-json\/wp\/v2\/posts"}],"about":[{"href":"https:\/\/mickyandoniehn.com\/radio\/wp-json\/wp\/v2\/types\/post"}],"replies":[{"embeddable":true,"href":"https:\/\/mickyandoniehn.com\/radio\/wp-json\/wp\/v2\/comments?post=75450"}],"version-history":[{"count":0,"href":"https:\/\/mickyandoniehn.com\/radio\/wp-json\/wp\/v2\/posts\/75450\/revisions"}],"wp:featuredmedia":[{"embeddable":true,"href":"https:\/\/mickyandoniehn.com\/radio\/wp-json\/wp\/v2\/media\/75451"}],"wp:attachment":[{"href":"https:\/\/mickyandoniehn.com\/radio\/wp-json\/wp\/v2\/media?parent=75450"}],"wp:term":[{"taxonomy":"category","embeddable":true,"href":"https:\/\/mickyandoniehn.com\/radio\/wp-json\/wp\/v2\/categories?post=75450"},{"taxonomy":"post_tag","embeddable":true,"href":"https:\/\/mickyandoniehn.com\/radio\/wp-json\/wp\/v2\/tags?post=75450"}],"curies":[{"name":"wp","href":"https:\/\/api.w.org\/{rel}","templated":true}]}}