{"id":75446,"date":"2024-07-26T11:12:38","date_gmt":"2024-07-26T17:12:38","guid":{"rendered":"http:\/\/mickyandoniehn.com\/radio\/2024\/07\/26\/hondurenos-julimar-avila-y-kevin-mejia-entre-los-insignes-abanderados\/"},"modified":"2024-07-26T11:12:38","modified_gmt":"2024-07-26T17:12:38","slug":"hondurenos-julimar-avila-y-kevin-mejia-entre-los-insignes-abanderados","status":"publish","type":"post","link":"https:\/\/mickyandoniehn.com\/radio\/2024\/07\/26\/hondurenos-julimar-avila-y-kevin-mejia-entre-los-insignes-abanderados\/","title":{"rendered":"Hondure\u00f1os Julimar \u00c1vila y Kevin Mej\u00eda entre los insignes abanderados"},"content":{"rendered":"<p>Tegucigalpa | 16.07.2024<\/p>\n<p>Giannis Antetokounmpo, LeBron James, Marileidy Paulino, Coco Gauff, Tom Daly, Gianmarco Tamberi y los hondure\u00f1os<strong> Julimar \u00c1vila<\/strong> y <strong>Kevin Mej\u00eda<\/strong> son algunos de las grandes estrellas del deporte que llevar\u00e1n las banderas de sus pa\u00edses en la ceremonia inaugural de los Juegos de Par\u00eds este viernes.<\/p>\n<p>Neisi Dajomes, Nicol\u00e1s Jarry, Jasmine Camacho-Quinn y Andre de Grasse ser\u00e1n otros campeones encargados de portar sus estandartes, seg\u00fan la relaci\u00f3n confirmada por el COI a dos horas del comienzo de la fiesta.<\/p>\n<p>Como es tradici\u00f3n, Grecia abrir\u00e1 el desfile, en reconocimiento a la cuna del olimpismo. Seguir\u00e1 el Equipo Ol\u00edmpico de Refugiados y luego, por orden alfab\u00e9tico en franc\u00e9s, el resto de delegaciones, desde Afganist\u00e1n a Estados Unidos. El equipo anfitri\u00f3n, Francia, cerrar\u00e1 el desfile de las 205 delegaciones.<\/p>\n<p>El equipo ruso, excluido de los Juegos por las sanciones derivadas de la guerra de Ucrania, excepto por una quincena deportistas individuales, no fue autorizado a desfilar.<\/p>\n<p>Belice, Guinea Bissau, Liechtenstein, Nauru, Yemen, Somalia, Santa Luc\u00eda e Irak no podr\u00e1n presentar, como el resto, una pareja de abanderados, hombre y mujer, porque no tienen ninguna participante femenina en los Juegos. Lo mismo para Islas Solom\u00f3n, en este caso por falta de representante masculino.<\/p>\n<p>Fuente: Proceso Hn<\/p>\n","protected":false},"excerpt":{"rendered":"<p>Tegucigalpa | 16.07.2024 Giannis Antetokounmpo, LeBron James, Marileidy Paulino, Coco Gauff, Tom Daly, Gianmarco Tamberi y los hondure\u00f1os Julimar \u00c1vila y Kevin Mej\u00eda son algunos de las grandes estrellas del deporte que llevar\u00e1n las banderas de sus pa\u00edses en la ceremonia inaugural de los Juegos de Par\u00eds este viernes. Neisi Dajomes, Nicol\u00e1s Jarry, Jasmine Camacho-Quinn &hellip;<\/p>\n","protected":false},"author":0,"featured_media":75447,"comment_status":"open","ping_status":"open","sticky":false,"template":"","format":"standard","meta":{"_jetpack_memberships_contains_paid_content":false,"footnotes":""},"categories":[5],"tags":[],"class_list":["post-75446","post","type-post","status-publish","format-standard","has-post-thumbnail","","category-noticias"],"jetpack_sharing_enabled":true,"jetpack_featured_media_url":"https:\/\/mickyandoniehn.com\/radio\/wp-content\/uploads\/2024\/07\/IMG_9021-jVPLvw.jpeg","_links":{"self":[{"href":"https:\/\/mickyandoniehn.com\/radio\/wp-json\/wp\/v2\/posts\/75446","targetHints":{"allow":["GET"]}}],"collection":[{"href":"https:\/\/mickyandoniehn.com\/radio\/wp-json\/wp\/v2\/posts"}],"about":[{"href":"https:\/\/mickyandoniehn.com\/radio\/wp-json\/wp\/v2\/types\/post"}],"replies":[{"embeddable":true,"href":"https:\/\/mickyandoniehn.com\/radio\/wp-json\/wp\/v2\/comments?post=75446"}],"version-history":[{"count":0,"href":"https:\/\/mickyandoniehn.com\/radio\/wp-json\/wp\/v2\/posts\/75446\/revisions"}],"wp:featuredmedia":[{"embeddable":true,"href":"https:\/\/mickyandoniehn.com\/radio\/wp-json\/wp\/v2\/media\/75447"}],"wp:attachment":[{"href":"https:\/\/mickyandoniehn.com\/radio\/wp-json\/wp\/v2\/media?parent=75446"}],"wp:term":[{"taxonomy":"category","embeddable":true,"href":"https:\/\/mickyandoniehn.com\/radio\/wp-json\/wp\/v2\/categories?post=75446"},{"taxonomy":"post_tag","embeddable":true,"href":"https:\/\/mickyandoniehn.com\/radio\/wp-json\/wp\/v2\/tags?post=75446"}],"curies":[{"name":"wp","href":"https:\/\/api.w.org\/{rel}","templated":true}]}}