{"id":75438,"date":"2024-07-26T09:12:51","date_gmt":"2024-07-26T15:12:51","guid":{"rendered":"http:\/\/mickyandoniehn.com\/radio\/2024\/07\/26\/el-45-de-los-hogares-de-america-latina-y-caribe-no-tiene-una-vivienda-digna\/"},"modified":"2024-07-26T09:12:51","modified_gmt":"2024-07-26T15:12:51","slug":"el-45-de-los-hogares-de-america-latina-y-caribe-no-tiene-una-vivienda-digna","status":"publish","type":"post","link":"https:\/\/mickyandoniehn.com\/radio\/2024\/07\/26\/el-45-de-los-hogares-de-america-latina-y-caribe-no-tiene-una-vivienda-digna\/","title":{"rendered":"El 45 % de los hogares de Am\u00e9rica Latina y Caribe no tiene una vivienda digna"},"content":{"rendered":"<\/p>\n<p class=\"mb-6\">Tegucigalpa | 26.07.2024<br \/>\nEl Banco Interamericano de Desarrollo (BID) organiz\u00f3 este jueves el Tercer Foro de Vivienda, un encuentro para abordar el d\u00e9ficit de vivienda en Latinoam\u00e9rica que reuni\u00f3 a autoridades de Paraguay, Guatemala, Rep\u00fablica Dominicana, Panam\u00e1, El Salvador y Argentina.<\/p>\n<p class=\"mb-6\">En un panel dirigido por la Jefa de la Divisi\u00f3n de Vivienda y Desarrollo Urbano del BID, Tatiana Gallego, los titulares de vivienda de esas naciones debatieron sobre la situaci\u00f3n en materia habitacional y sobre los resultados arrojados por los estudios que el organismo multilateral ha llevado a cabo en la regi\u00f3n.<\/p>\n<p class=\"mb-6\">Am\u00e9rica Latina y el Caribe tienen un rezago habitacional, din\u00e1mico, que desde el BID calculamos que afecta al 45 % de la poblaci\u00f3n\u201d, afirm\u00f3 Gallego a EFE.<\/p>\n<p class=\"mb-6\">Tal y como cuenta la responsable de vivienda del BID, esta cifra es m\u00e1s importante desde un punto de vista cualitativo que cuantitativo.<\/p>\n<p>Fuente: La tribuna<\/p>\n","protected":false},"excerpt":{"rendered":"<p>Tegucigalpa | 26.07.2024 El Banco Interamericano de Desarrollo (BID) organiz\u00f3 este jueves el Tercer Foro de Vivienda, un encuentro para abordar el d\u00e9ficit de vivienda en Latinoam\u00e9rica que reuni\u00f3 a autoridades de Paraguay, Guatemala, Rep\u00fablica Dominicana, Panam\u00e1, El Salvador y Argentina. En un panel dirigido por la Jefa de la Divisi\u00f3n de Vivienda y Desarrollo &hellip;<\/p>\n","protected":false},"author":0,"featured_media":75439,"comment_status":"open","ping_status":"open","sticky":false,"template":"","format":"standard","meta":{"_jetpack_memberships_contains_paid_content":false,"footnotes":""},"categories":[5],"tags":[],"class_list":["post-75438","post","type-post","status-publish","format-standard","has-post-thumbnail","","category-noticias"],"jetpack_sharing_enabled":true,"jetpack_featured_media_url":"https:\/\/mickyandoniehn.com\/radio\/wp-content\/uploads\/2024\/07\/IMG_9008-AxaV7M.jpeg","_links":{"self":[{"href":"https:\/\/mickyandoniehn.com\/radio\/wp-json\/wp\/v2\/posts\/75438","targetHints":{"allow":["GET"]}}],"collection":[{"href":"https:\/\/mickyandoniehn.com\/radio\/wp-json\/wp\/v2\/posts"}],"about":[{"href":"https:\/\/mickyandoniehn.com\/radio\/wp-json\/wp\/v2\/types\/post"}],"replies":[{"embeddable":true,"href":"https:\/\/mickyandoniehn.com\/radio\/wp-json\/wp\/v2\/comments?post=75438"}],"version-history":[{"count":0,"href":"https:\/\/mickyandoniehn.com\/radio\/wp-json\/wp\/v2\/posts\/75438\/revisions"}],"wp:featuredmedia":[{"embeddable":true,"href":"https:\/\/mickyandoniehn.com\/radio\/wp-json\/wp\/v2\/media\/75439"}],"wp:attachment":[{"href":"https:\/\/mickyandoniehn.com\/radio\/wp-json\/wp\/v2\/media?parent=75438"}],"wp:term":[{"taxonomy":"category","embeddable":true,"href":"https:\/\/mickyandoniehn.com\/radio\/wp-json\/wp\/v2\/categories?post=75438"},{"taxonomy":"post_tag","embeddable":true,"href":"https:\/\/mickyandoniehn.com\/radio\/wp-json\/wp\/v2\/tags?post=75438"}],"curies":[{"name":"wp","href":"https:\/\/api.w.org\/{rel}","templated":true}]}}