{"id":75429,"date":"2024-07-26T09:12:41","date_gmt":"2024-07-26T15:12:41","guid":{"rendered":"http:\/\/mickyandoniehn.com\/radio\/2024\/07\/26\/seleccion-sub-20-de-honduras-contara-con-dos-sensibles-bajas-en-el-premundial\/"},"modified":"2024-07-26T09:12:41","modified_gmt":"2024-07-26T15:12:41","slug":"seleccion-sub-20-de-honduras-contara-con-dos-sensibles-bajas-en-el-premundial","status":"publish","type":"post","link":"https:\/\/mickyandoniehn.com\/radio\/2024\/07\/26\/seleccion-sub-20-de-honduras-contara-con-dos-sensibles-bajas-en-el-premundial\/","title":{"rendered":"Selecci\u00f3n Sub-20 de Honduras contar\u00e1 con dos sensibles bajas en el Premundial"},"content":{"rendered":"<p>Tegucigalpa | 26.07.2024<\/p>\n<p>La <strong>Selecci\u00f3n <a href=\"https:\/\/www.deportestvc.com\/seleccion-honduras\/premundial-sub-20-asi-esta-la-tabla-de-posiciones-en-el-grupo-de-honduras-2024-07-24\">Sub-20 de Honduras <\/a><\/strong>cierra la fase de grupos del <strong>Premundial<\/strong> ante su similar de <strong>Rep\u00fablica Dominicana<\/strong>, pero en la previa se ha confirmado que la Bicolor no podr\u00e1 contar con dos de sus figuras.<\/p>\n<p>El combinado nacional llega de <a href=\"https:\/\/www.deportestvc.com\/seleccion-honduras\/honduras-vs-el-salvador-premundial-sub-20-2024-07-23\">golear a <strong>El Salvador<\/strong><\/a> en la fecha 2 del torneo clasificatorio, pero por <strong>acumulaci\u00f3n de tarjetas de amonestaci\u00f3n<\/strong>, Honduras perder\u00e1 a <strong>\u00c1ngel Villatoro<\/strong> y <strong>Dereck Moncada.<\/strong><\/p>\n<p>Ambos futbolistas han sido clave en los dos primeros duelos para Honduras, ya que la mini H suma cuatro puntos saldo de un empate y un triunfo ante Canad\u00e1 y El Salvador, respectivamente.<\/p>\n<p>Fuente: Deportes TVC<\/p>\n","protected":false},"excerpt":{"rendered":"<p>Tegucigalpa | 26.07.2024 La Selecci\u00f3n Sub-20 de Honduras cierra la fase de grupos del Premundial ante su similar de Rep\u00fablica Dominicana, pero en la previa se ha confirmado que la Bicolor no podr\u00e1 contar con dos de sus figuras. El combinado nacional llega de golear a El Salvador en la fecha 2 del torneo clasificatorio, &hellip;<\/p>\n","protected":false},"author":0,"featured_media":75430,"comment_status":"open","ping_status":"open","sticky":false,"template":"","format":"standard","meta":{"_jetpack_memberships_contains_paid_content":false,"footnotes":""},"categories":[5],"tags":[],"class_list":["post-75429","post","type-post","status-publish","format-standard","has-post-thumbnail","","category-noticias"],"jetpack_sharing_enabled":true,"jetpack_featured_media_url":"https:\/\/mickyandoniehn.com\/radio\/wp-content\/uploads\/2024\/07\/IMG_9016-ydARb1.jpeg","_links":{"self":[{"href":"https:\/\/mickyandoniehn.com\/radio\/wp-json\/wp\/v2\/posts\/75429","targetHints":{"allow":["GET"]}}],"collection":[{"href":"https:\/\/mickyandoniehn.com\/radio\/wp-json\/wp\/v2\/posts"}],"about":[{"href":"https:\/\/mickyandoniehn.com\/radio\/wp-json\/wp\/v2\/types\/post"}],"replies":[{"embeddable":true,"href":"https:\/\/mickyandoniehn.com\/radio\/wp-json\/wp\/v2\/comments?post=75429"}],"version-history":[{"count":0,"href":"https:\/\/mickyandoniehn.com\/radio\/wp-json\/wp\/v2\/posts\/75429\/revisions"}],"wp:featuredmedia":[{"embeddable":true,"href":"https:\/\/mickyandoniehn.com\/radio\/wp-json\/wp\/v2\/media\/75430"}],"wp:attachment":[{"href":"https:\/\/mickyandoniehn.com\/radio\/wp-json\/wp\/v2\/media?parent=75429"}],"wp:term":[{"taxonomy":"category","embeddable":true,"href":"https:\/\/mickyandoniehn.com\/radio\/wp-json\/wp\/v2\/categories?post=75429"},{"taxonomy":"post_tag","embeddable":true,"href":"https:\/\/mickyandoniehn.com\/radio\/wp-json\/wp\/v2\/tags?post=75429"}],"curies":[{"name":"wp","href":"https:\/\/api.w.org\/{rel}","templated":true}]}}