{"id":75139,"date":"2024-07-19T19:12:35","date_gmt":"2024-07-20T01:12:35","guid":{"rendered":"http:\/\/mickyandoniehn.com\/radio\/2024\/07\/19\/un-dia-para-recordar-aprender-y-honrar-lempira\/"},"modified":"2024-07-19T19:12:35","modified_gmt":"2024-07-20T01:12:35","slug":"un-dia-para-recordar-aprender-y-honrar-lempira","status":"publish","type":"post","link":"https:\/\/mickyandoniehn.com\/radio\/2024\/07\/19\/un-dia-para-recordar-aprender-y-honrar-lempira\/","title":{"rendered":"Un d\u00eda para recordar, aprender y honrar: Lempira"},"content":{"rendered":"<\/p>\n<p>La capital celebra con orgullo\u00a0<strong>el D\u00eda del Indio en honor a la memoria de Lempira<\/strong>, un l\u00edder lenca cuyo valor y determinaci\u00f3n lo convirtieron en un s\u00edmbolo de resistencia y libertad durante la \u00e9poca de la conquista espa\u00f1ola.<\/p>\n<p><strong>Los estudiantes y maestros<\/strong>\u00a0son quienes, con entusiasmo y pasi\u00f3n,\u00a0<strong>engalanaron sus escuelas con los trajes t\u00edpicos<\/strong>, recordando las gestas heroicas del gran Cacique.<\/p>\n<p><strong>Lempira naci\u00f3 alrededor de 1497 y se cri\u00f3 en las monta\u00f1as de Cerqu\u00edn<\/strong>, donde desde joven tuvo un encuentro con los conquistadores que amenazaban las tierras de su pueblo, y con el tiempo aprendi\u00f3 a combatirlos, convirti\u00e9ndose en un jefe guerrero valiente y decidido.<\/p>\n<p><strong>Su liderazgo y esp\u00edritu indomable hicieron<\/strong>\u00a0que la figura de Lempira se convirtiera en<strong>\u00a0un s\u00edmbolo crucial de la nacionalidad hondure\u00f1a<\/strong>.<\/p>\n<p><strong>En 1932, Lempira fue oficialmente reconocido por el Congreso Nacional como H\u00e9roe Nacional<\/strong>, y desde entonces, su legado ha sido honrado y celebrado en todo el pa\u00eds.<\/p>\n","protected":false},"excerpt":{"rendered":"<p>La capital celebra con orgullo\u00a0el D\u00eda del Indio en honor a la memoria de Lempira, un l\u00edder lenca cuyo valor y determinaci\u00f3n lo convirtieron en un s\u00edmbolo de resistencia y libertad durante la \u00e9poca de la conquista espa\u00f1ola. Los estudiantes y maestros\u00a0son quienes, con entusiasmo y pasi\u00f3n,\u00a0engalanaron sus escuelas con los trajes t\u00edpicos, recordando las &hellip;<\/p>\n","protected":false},"author":0,"featured_media":75140,"comment_status":"open","ping_status":"open","sticky":false,"template":"","format":"standard","meta":{"_jetpack_memberships_contains_paid_content":false,"footnotes":""},"categories":[5],"tags":[],"class_list":["post-75139","post","type-post","status-publish","format-standard","has-post-thumbnail","","category-noticias"],"jetpack_sharing_enabled":true,"jetpack_featured_media_url":"https:\/\/mickyandoniehn.com\/radio\/wp-content\/uploads\/2024\/07\/Diseno-sin-titulo-7-750x430-fDoz0A.png","_links":{"self":[{"href":"https:\/\/mickyandoniehn.com\/radio\/wp-json\/wp\/v2\/posts\/75139","targetHints":{"allow":["GET"]}}],"collection":[{"href":"https:\/\/mickyandoniehn.com\/radio\/wp-json\/wp\/v2\/posts"}],"about":[{"href":"https:\/\/mickyandoniehn.com\/radio\/wp-json\/wp\/v2\/types\/post"}],"replies":[{"embeddable":true,"href":"https:\/\/mickyandoniehn.com\/radio\/wp-json\/wp\/v2\/comments?post=75139"}],"version-history":[{"count":0,"href":"https:\/\/mickyandoniehn.com\/radio\/wp-json\/wp\/v2\/posts\/75139\/revisions"}],"wp:featuredmedia":[{"embeddable":true,"href":"https:\/\/mickyandoniehn.com\/radio\/wp-json\/wp\/v2\/media\/75140"}],"wp:attachment":[{"href":"https:\/\/mickyandoniehn.com\/radio\/wp-json\/wp\/v2\/media?parent=75139"}],"wp:term":[{"taxonomy":"category","embeddable":true,"href":"https:\/\/mickyandoniehn.com\/radio\/wp-json\/wp\/v2\/categories?post=75139"},{"taxonomy":"post_tag","embeddable":true,"href":"https:\/\/mickyandoniehn.com\/radio\/wp-json\/wp\/v2\/tags?post=75139"}],"curies":[{"name":"wp","href":"https:\/\/api.w.org\/{rel}","templated":true}]}}