{"id":75021,"date":"2024-07-16T14:12:40","date_gmt":"2024-07-16T20:12:40","guid":{"rendered":"http:\/\/mickyandoniehn.com\/radio\/2024\/07\/16\/como-influyo-zidane-en-que-hoy-mbappe-este-en-el-real-madrid\/"},"modified":"2024-07-16T14:12:40","modified_gmt":"2024-07-16T20:12:40","slug":"como-influyo-zidane-en-que-hoy-mbappe-este-en-el-real-madrid","status":"publish","type":"post","link":"https:\/\/mickyandoniehn.com\/radio\/2024\/07\/16\/como-influyo-zidane-en-que-hoy-mbappe-este-en-el-real-madrid\/","title":{"rendered":"\u00bfC\u00f3mo influy\u00f3 Zidane en que hoy Mbapp\u00e9 est\u00e9 en el Real Madrid?"},"content":{"rendered":"<\/p>\n<p>16.07.2024<\/p>\n<p><strong>Madrid-.\u00a0<\/strong>Rebobinen a 2012.\u00a0Teniendo 13 a\u00f1os, Mbapp\u00e9 fue invitado por el Real Madrid para ir a Valdebebas y jugar un \u2018partidillo\u2019 a modo de prueba.\u00a0Quer\u00edan verle. Un acontecimiento may\u00fasculo\u2026 en el que\u00a0Zidane\u00a0ejerci\u00f3 de maestro de ceremonias.<\/p>\n<p>Porque fue quien les recibi\u00f3 en el aeropuerto, llev\u00f3 hasta la Ciudad Deportiva y ayud\u00f3 durante todo el proceso, volvi\u00e9ndose indispensable.<\/p>\n<p>De ese mismo d\u00eda data la famosa foto de Kylian con Cristiano Ronaldo. Una imagen que tuvo un fot\u00f3grafo de lujo:\u00a0Zizou. Desde entonces,\u00a0los Mbapp\u00e9 lo consideran casi un padrino futbol\u00edstico. Y la relaci\u00f3n entre las dos partes es muy cari\u00f1osa.<\/p>\n<p>\u201cLo admiro mucho\u201d, lleg\u00f3 a decir Zinedine, en rueda de prensa, siendo entrenador del Madrid.\u00a0Estar el d\u00eda de su presentaci\u00f3n es una forma de cerrar el c\u00edrculo.\u00a0As\u00ed recuerda aquel d\u00eda el propio Mbapp\u00e9.<\/p>\n<p class=\"\">\u201cJusto antes de cumplir 14, me dieron una sorpresa incre\u00edble. Mi padre recibi\u00f3 una llamada de alguien del Real Madrid invit\u00e1ndome a Espa\u00f1a para un entrenamiento durante las vacaciones. Le hab\u00edan dicho: \u2018A Zidane le gustar\u00eda ver a tu hijo\u2019. En ese momento, Zizou era el director deportivo. Por supuesto fui\u2026 y fue como estar en la luna. Estaba desesperado por ir, pero no era sencillo. Esa semana era mi cumplea\u00f1os y lo que no sab\u00eda es que mis padres estaban organizando todo con mi equipo de entonces para poder llevarme a Madrid como regalo. No se lo dijimos a nadie. Ni siquiera yo a mis amigos m\u00e1s cercanos, porque estaba demasiado nervioso. Si las cosas no iban bien, no quer\u00eda volver al vecindario y decepcionarlos\u201d, dijo en una entrevista con The Players Tribune.<\/p>\n<p class=\"\">\u201cZidane nos recibi\u00f3 en el parking.\u00a0Iba en un coche\u2026 realmente bueno, por supuesto.\u00a0Nos saludamos y se ofreci\u00f3 a llevarme al campo de entrenamiento.\u00a0Me se\u00f1al\u00f3 el asiento delantero como diciendo, \u2018vamos, entra\u2019, pero yo me qued\u00e9 helado y pregunt\u00e9: \u2018\u00bfMe quito los zapatos?\u2019\u00a0(r\u00ede) \u00a1No s\u00e9 por qu\u00e9 dije eso! \u00a1Era el coche de Zizou! Lo vio divertido y respondi\u00f3: \u2018\u00a1Claro que no, vamos, entra!\u2019. Me pas\u00e9 todo el trayecto hasta el campo pensando, \u2018estoy en el coche de Zizou, yo, Kylian, un chico de Bondy. Esto no es real, debo estar so\u00f1ando\u2019. A veces, incluso cuando realmente est\u00e1s viviendo algo, te sientes como en un sue\u00f1o. Aquello lo fue\u201d, a\u00f1adi\u00f3.<\/p>\n<h3 class=\"\">\u201cGracias por un esfuerzo que muchos ni se imaginan\u201d<\/h3>\n<\/p>\n<p class=\"\">\u201cHace 12 a\u00f1os invitaste a un peque\u00f1o a la Ciudad Deportiva y es por eso que hoy, deb\u00edas estar aqu\u00ed, Zidane\u201d, dijo Florentino. Y pronunci\u00f3 su ya ic\u00f3nica frase: \u201cHoy damos la bienvenida\u2026 a Kylian Mbapp\u00e9\u201d. El estadio en pie, en vilo, en un silencio atronador que dur\u00f3 segundos, pero se hizo como horas.<\/p>\n<p class=\"\">Lo que tard\u00f3 Mbapp\u00e9 en subir la escalera del t\u00fanel de vestuarios, vestido de blanco y 9 a la espalda y llegar hasta el c\u00e9sped.\u00a0\u201c\u00a1Mbapp\u00e9, Mbapp\u00e9!\u201d, grit\u00f3 el Bernab\u00e9u. Enloquecido durante su camino hasta el escenario. All\u00ed, saludo a Pirri,\u00a0abrazo muy sentido a Florentino\u00a0y apret\u00f3n de manos cari\u00f1oso con Zidane.\u00a0El Bernab\u00e9u, emocionado.\u00a0Se respiraba algo especial. \u00danico.<\/p>\n<p class=\"\">\u201cQuerido Kylian, ya est\u00e1s aqu\u00ed, enhorabuena. S\u00e9 muy bien la emoci\u00f3n que sientes, porque de ni\u00f1o vi c\u00f3mo te brillaban los ojos cuando mirabas a tus \u00eddolos. Porque s\u00e9 lo que supone este club para tu coraz\u00f3n.\u00a0Esta afici\u00f3n hoy te acoge y estar\u00e1 contigo hasta el final.\u00a0Has conseguido tu sue\u00f1o porque no te has rendido nunca y est\u00e1s aqu\u00ed, porque has querido.\u00a0S\u00f3lo tu fuerza de voluntad ha hecho esto posible. Gracias por hacer un esfuerzo que muchos ni se imaginan.\u00a0Ya vistes esta camiseta, la de las 15 Copas de Europa, la del club que no se rinde nunca.\u00a0Bienvenido a tu casa, bienvenido al Real Madrid\u201d, culmin\u00f3\u00a0Florentino.<\/p>\n<p>Fuente: As.com<\/p>\n","protected":false},"excerpt":{"rendered":"<p>16.07.2024 Madrid-.\u00a0Rebobinen a 2012.\u00a0Teniendo 13 a\u00f1os, Mbapp\u00e9 fue invitado por el Real Madrid para ir a Valdebebas y jugar un \u2018partidillo\u2019 a modo de prueba.\u00a0Quer\u00edan verle. Un acontecimiento may\u00fasculo\u2026 en el que\u00a0Zidane\u00a0ejerci\u00f3 de maestro de ceremonias. Porque fue quien les recibi\u00f3 en el aeropuerto, llev\u00f3 hasta la Ciudad Deportiva y ayud\u00f3 durante todo el proceso, &hellip;<\/p>\n","protected":false},"author":0,"featured_media":75022,"comment_status":"open","ping_status":"open","sticky":false,"template":"","format":"standard","meta":{"_jetpack_memberships_contains_paid_content":false,"footnotes":""},"categories":[5],"tags":[],"class_list":["post-75021","post","type-post","status-publish","format-standard","has-post-thumbnail","","category-noticias"],"jetpack_sharing_enabled":true,"jetpack_featured_media_url":"https:\/\/mickyandoniehn.com\/radio\/wp-content\/uploads\/2024\/07\/YIYLPL7TFFOPPINEV2KFAKSLTA-sqUvQf.jpeg","_links":{"self":[{"href":"https:\/\/mickyandoniehn.com\/radio\/wp-json\/wp\/v2\/posts\/75021","targetHints":{"allow":["GET"]}}],"collection":[{"href":"https:\/\/mickyandoniehn.com\/radio\/wp-json\/wp\/v2\/posts"}],"about":[{"href":"https:\/\/mickyandoniehn.com\/radio\/wp-json\/wp\/v2\/types\/post"}],"replies":[{"embeddable":true,"href":"https:\/\/mickyandoniehn.com\/radio\/wp-json\/wp\/v2\/comments?post=75021"}],"version-history":[{"count":0,"href":"https:\/\/mickyandoniehn.com\/radio\/wp-json\/wp\/v2\/posts\/75021\/revisions"}],"wp:featuredmedia":[{"embeddable":true,"href":"https:\/\/mickyandoniehn.com\/radio\/wp-json\/wp\/v2\/media\/75022"}],"wp:attachment":[{"href":"https:\/\/mickyandoniehn.com\/radio\/wp-json\/wp\/v2\/media?parent=75021"}],"wp:term":[{"taxonomy":"category","embeddable":true,"href":"https:\/\/mickyandoniehn.com\/radio\/wp-json\/wp\/v2\/categories?post=75021"},{"taxonomy":"post_tag","embeddable":true,"href":"https:\/\/mickyandoniehn.com\/radio\/wp-json\/wp\/v2\/tags?post=75021"}],"curies":[{"name":"wp","href":"https:\/\/api.w.org\/{rel}","templated":true}]}}