{"id":75017,"date":"2024-07-16T14:12:37","date_gmt":"2024-07-16T20:12:37","guid":{"rendered":"http:\/\/mickyandoniehn.com\/radio\/2024\/07\/16\/llega-a-fundaniquem-una-nina-quemada-traida-en-avion-desde-la-ceiba\/"},"modified":"2024-07-16T14:12:37","modified_gmt":"2024-07-16T20:12:37","slug":"llega-a-fundaniquem-una-nina-quemada-traida-en-avion-desde-la-ceiba","status":"publish","type":"post","link":"https:\/\/mickyandoniehn.com\/radio\/2024\/07\/16\/llega-a-fundaniquem-una-nina-quemada-traida-en-avion-desde-la-ceiba\/","title":{"rendered":"Llega a Fundaniquem una ni\u00f1a quemada, tra\u00edda en avi\u00f3n desde La Ceiba"},"content":{"rendered":"<\/p>\n<p><strong>Tegucigalpa<\/strong>\u00a0\u2013 Una ni\u00f1a procedente de Atl\u00e1ntida y trasladada v\u00eda a\u00e9rea a Tegucigalpa ingres\u00f3 hoy a la Fundaci\u00f3n Hondure\u00f1a para el Ni\u00f1o Quemado (Fundaniquem), inform\u00f3 este lunes su portavoz,\u00a0Alfredo\u00a0Ortiz.<\/p>\n<p>La ni\u00f1a tiene apenas un a\u00f1o de edad y cuenta con quemaduras en el 22 % de su cuerpo, detall\u00f3.<\/p>\n<p>La peque\u00f1a ten\u00eda dos d\u00edas de hospitalizaci\u00f3n en La Ceiba, pero se deb\u00eda esperar a que fuera estabilizada para poder realizar el traslado v\u00eda a\u00e9rea, apunt\u00f3 Ortiz.<\/p>\n<p>La menor sufri\u00f3 quemaduras a causa del derrame de aceite caliente, acot\u00f3.<\/p>\n<p>Precis\u00f3 que fue un helic\u00f3ptero de Fuerza A\u00e9rea Hondure\u00f1a el que realiz\u00f3 el traslado de la menor quien ya ingres\u00f3 al quir\u00f3fano de Fundaniquem.<\/p>\n<p>La sala de emergencia de este hospital de especialidades se encuentra trabajando arriba del 100 % de su capacidad con 15 pacientes, comparti\u00f3.<\/p>\n<p>El portavoz exhort\u00f3 a los padres de familia a tener mayor control sobre los menores de edad y evitar que estos sean v\u00edctimas de quemaduras.<\/p>\n<p>Fuente: Proceso.hn<\/p>\n","protected":false},"excerpt":{"rendered":"<p>Tegucigalpa\u00a0\u2013 Una ni\u00f1a procedente de Atl\u00e1ntida y trasladada v\u00eda a\u00e9rea a Tegucigalpa ingres\u00f3 hoy a la Fundaci\u00f3n Hondure\u00f1a para el Ni\u00f1o Quemado (Fundaniquem), inform\u00f3 este lunes su portavoz,\u00a0Alfredo\u00a0Ortiz. La ni\u00f1a tiene apenas un a\u00f1o de edad y cuenta con quemaduras en el 22 % de su cuerpo, detall\u00f3. La peque\u00f1a ten\u00eda dos d\u00edas de hospitalizaci\u00f3n &hellip;<\/p>\n","protected":false},"author":0,"featured_media":75018,"comment_status":"open","ping_status":"open","sticky":false,"template":"","format":"standard","meta":{"_jetpack_memberships_contains_paid_content":false,"footnotes":""},"categories":[5],"tags":[],"class_list":["post-75017","post","type-post","status-publish","format-standard","has-post-thumbnail","","category-noticias"],"jetpack_sharing_enabled":true,"jetpack_featured_media_url":"https:\/\/mickyandoniehn.com\/radio\/wp-content\/uploads\/2024\/07\/Nina-trasladada-via-aerea-696x438-zGOhbl.jpeg","_links":{"self":[{"href":"https:\/\/mickyandoniehn.com\/radio\/wp-json\/wp\/v2\/posts\/75017","targetHints":{"allow":["GET"]}}],"collection":[{"href":"https:\/\/mickyandoniehn.com\/radio\/wp-json\/wp\/v2\/posts"}],"about":[{"href":"https:\/\/mickyandoniehn.com\/radio\/wp-json\/wp\/v2\/types\/post"}],"replies":[{"embeddable":true,"href":"https:\/\/mickyandoniehn.com\/radio\/wp-json\/wp\/v2\/comments?post=75017"}],"version-history":[{"count":0,"href":"https:\/\/mickyandoniehn.com\/radio\/wp-json\/wp\/v2\/posts\/75017\/revisions"}],"wp:featuredmedia":[{"embeddable":true,"href":"https:\/\/mickyandoniehn.com\/radio\/wp-json\/wp\/v2\/media\/75018"}],"wp:attachment":[{"href":"https:\/\/mickyandoniehn.com\/radio\/wp-json\/wp\/v2\/media?parent=75017"}],"wp:term":[{"taxonomy":"category","embeddable":true,"href":"https:\/\/mickyandoniehn.com\/radio\/wp-json\/wp\/v2\/categories?post=75017"},{"taxonomy":"post_tag","embeddable":true,"href":"https:\/\/mickyandoniehn.com\/radio\/wp-json\/wp\/v2\/tags?post=75017"}],"curies":[{"name":"wp","href":"https:\/\/api.w.org\/{rel}","templated":true}]}}