{"id":75009,"date":"2024-07-15T16:13:55","date_gmt":"2024-07-15T22:13:55","guid":{"rendered":"http:\/\/mickyandoniehn.com\/radio\/2024\/07\/15\/anuncian-que-a-partir-de-este-lunes-solo-permitira-un-acompanante-por-viajero-en-el-aeropuerto-ramon-villeda-morales\/"},"modified":"2024-07-15T16:13:55","modified_gmt":"2024-07-15T22:13:55","slug":"anuncian-que-a-partir-de-este-lunes-solo-permitira-un-acompanante-por-viajero-en-el-aeropuerto-ramon-villeda-morales","status":"publish","type":"post","link":"https:\/\/mickyandoniehn.com\/radio\/2024\/07\/15\/anuncian-que-a-partir-de-este-lunes-solo-permitira-un-acompanante-por-viajero-en-el-aeropuerto-ramon-villeda-morales\/","title":{"rendered":"Anuncian que a partir de este lunes, solo permitir\u00e1 un acompa\u00f1ante por viajero en el aeropuerto Ram\u00f3n Villeda Morales"},"content":{"rendered":"<\/p>\n<p>15.07.2024<\/p>\n<p>A partir de este lunes, solo se permitir\u00e1 que un viajero sea acompa\u00f1ado por una persona en el aeropuerto Ram\u00f3n Villeda Morales, inform\u00f3 el Servicio Aeroportuario Nacional (SAN).<\/p>\n<p>En su cuenta de Facebook, el SAN explic\u00f3 que la restricci\u00f3n de acompa\u00f1antes se debe a remodelaciones internas en la terminal a\u00e9rea sampedrana.<\/p>\n<p>\u00abSe realizan cambios en los procedimientos de acceso, con el fin de mejorar la experiencia y seguridad de los pasajeros\u00bb, indic\u00f3 en su publicaci\u00f3n.<\/p>\n<p>Para que la persona pueda acompa\u00f1ar al viajero en el aeropuerto, este debe presentar el c\u00f3digo de reserva.<\/p>\n<p>La medida ha causado el rechazo de los usuarios de la terminal sampedrana, aunque la SAN afirma que se trata de una acci\u00f3n destinada a mejorar los servicios de los que usan la obra de infraestructura.<\/p>\n<p>La implementaci\u00f3n de esta nueva normativa busca optimizar el flujo de personas dentro de la terminal durante las remodelaciones, asegurando tanto la comodidad como la seguridad de los pasajeros.<\/p>\n<p>El SAN ha instado a los usuarios a colaborar y comprender los beneficios a largo plazo de estas medidas temporales.<\/p>\n<p>Fuente: Diario.com<\/p>\n","protected":false},"excerpt":{"rendered":"<p>15.07.2024 A partir de este lunes, solo se permitir\u00e1 que un viajero sea acompa\u00f1ado por una persona en el aeropuerto Ram\u00f3n Villeda Morales, inform\u00f3 el Servicio Aeroportuario Nacional (SAN). En su cuenta de Facebook, el SAN explic\u00f3 que la restricci\u00f3n de acompa\u00f1antes se debe a remodelaciones internas en la terminal a\u00e9rea sampedrana. \u00abSe realizan cambios &hellip;<\/p>\n","protected":false},"author":0,"featured_media":75010,"comment_status":"open","ping_status":"open","sticky":false,"template":"","format":"standard","meta":{"_jetpack_memberships_contains_paid_content":false,"footnotes":""},"categories":[5],"tags":[],"class_list":["post-75009","post","type-post","status-publish","format-standard","has-post-thumbnail","","category-noticias"],"jetpack_sharing_enabled":true,"jetpack_featured_media_url":"https:\/\/mickyandoniehn.com\/radio\/wp-content\/uploads\/2024\/07\/Aeropuerto-Villeda-Morales-750x430-qA7JKa.jpeg","_links":{"self":[{"href":"https:\/\/mickyandoniehn.com\/radio\/wp-json\/wp\/v2\/posts\/75009","targetHints":{"allow":["GET"]}}],"collection":[{"href":"https:\/\/mickyandoniehn.com\/radio\/wp-json\/wp\/v2\/posts"}],"about":[{"href":"https:\/\/mickyandoniehn.com\/radio\/wp-json\/wp\/v2\/types\/post"}],"replies":[{"embeddable":true,"href":"https:\/\/mickyandoniehn.com\/radio\/wp-json\/wp\/v2\/comments?post=75009"}],"version-history":[{"count":0,"href":"https:\/\/mickyandoniehn.com\/radio\/wp-json\/wp\/v2\/posts\/75009\/revisions"}],"wp:featuredmedia":[{"embeddable":true,"href":"https:\/\/mickyandoniehn.com\/radio\/wp-json\/wp\/v2\/media\/75010"}],"wp:attachment":[{"href":"https:\/\/mickyandoniehn.com\/radio\/wp-json\/wp\/v2\/media?parent=75009"}],"wp:term":[{"taxonomy":"category","embeddable":true,"href":"https:\/\/mickyandoniehn.com\/radio\/wp-json\/wp\/v2\/categories?post=75009"},{"taxonomy":"post_tag","embeddable":true,"href":"https:\/\/mickyandoniehn.com\/radio\/wp-json\/wp\/v2\/tags?post=75009"}],"curies":[{"name":"wp","href":"https:\/\/api.w.org\/{rel}","templated":true}]}}