{"id":74994,"date":"2024-07-15T14:13:53","date_gmt":"2024-07-15T20:13:53","guid":{"rendered":"http:\/\/mickyandoniehn.com\/radio\/2024\/07\/15\/muere-bajo-sospecha-de-dengue-joven-en-el-ihss-sps\/"},"modified":"2024-07-15T14:13:53","modified_gmt":"2024-07-15T20:13:53","slug":"muere-bajo-sospecha-de-dengue-joven-en-el-ihss-sps","status":"publish","type":"post","link":"https:\/\/mickyandoniehn.com\/radio\/2024\/07\/15\/muere-bajo-sospecha-de-dengue-joven-en-el-ihss-sps\/","title":{"rendered":"Muere bajo sospecha de dengue joven en el IHSS-SPS"},"content":{"rendered":"<\/p>\n<p>15.07.2024<\/p>\n<p><strong>Tegucigalpa<\/strong>\u00a0\u2013 Bajo sospecha de dengue muri\u00f3 el fin de semana un joven de 19 a\u00f1os en el Instituto Hondure\u00f1o de Seguridad Social de la ciudad de San Pedro Sula (IHSS-SPS)<\/p>\n<p>As\u00ed lo confirm\u00f3 este lunes el doctor\u00a0<strong>Carlos Uma\u00f1a,<\/strong>\u00a0quien lament\u00f3 el hecho y alert\u00f3 que el dengue sigue en crecimiento.<\/p>\n<p>Apunt\u00f3 que la enfermedad se ensa\u00f1a con los j\u00f3venes como qued\u00f3 evidenciado en este caso que tendr\u00e1 que ser confirmado por laboratorio.<\/p>\n<p>Sin embargo, el galeno notific\u00f3 que el paciente fue ingresado y muri\u00f3 con todos los s\u00edntomas del dengue grave.<\/p>\n<p>A nivel nacional los casos de dengue ya sobrepasan los\u00a050\u00a0mil\u00a0y los decesos se ubican en 61, seg\u00fan datos de la Secretar\u00eda de Salud.<\/p>\n<p>Tanto Francisco Moraz\u00e1n como el Valle de Sula son las zonas con mayor incidencia de la enfermedad.<\/p>\n<p>Sin embargo, autoridades de Tegucigalpa y de SPS han confirmado una estabilidad en los casos de dengue en la semana epidemiol\u00f3gica n\u00famero 29.<\/p>\n<p>Fuente: Proceso Digital HN<\/p>\n","protected":false},"excerpt":{"rendered":"<p>15.07.2024 Tegucigalpa\u00a0\u2013 Bajo sospecha de dengue muri\u00f3 el fin de semana un joven de 19 a\u00f1os en el Instituto Hondure\u00f1o de Seguridad Social de la ciudad de San Pedro Sula (IHSS-SPS) As\u00ed lo confirm\u00f3 este lunes el doctor\u00a0Carlos Uma\u00f1a,\u00a0quien lament\u00f3 el hecho y alert\u00f3 que el dengue sigue en crecimiento. Apunt\u00f3 que la enfermedad se &hellip;<\/p>\n","protected":false},"author":0,"featured_media":74995,"comment_status":"open","ping_status":"open","sticky":false,"template":"","format":"standard","meta":{"_jetpack_memberships_contains_paid_content":false,"footnotes":""},"categories":[5],"tags":[],"class_list":["post-74994","post","type-post","status-publish","format-standard","has-post-thumbnail","","category-noticias"],"jetpack_sharing_enabled":true,"jetpack_featured_media_url":"https:\/\/mickyandoniehn.com\/radio\/wp-content\/uploads\/2024\/07\/dengue-2-696x435-CObsYp.jpeg","_links":{"self":[{"href":"https:\/\/mickyandoniehn.com\/radio\/wp-json\/wp\/v2\/posts\/74994","targetHints":{"allow":["GET"]}}],"collection":[{"href":"https:\/\/mickyandoniehn.com\/radio\/wp-json\/wp\/v2\/posts"}],"about":[{"href":"https:\/\/mickyandoniehn.com\/radio\/wp-json\/wp\/v2\/types\/post"}],"replies":[{"embeddable":true,"href":"https:\/\/mickyandoniehn.com\/radio\/wp-json\/wp\/v2\/comments?post=74994"}],"version-history":[{"count":0,"href":"https:\/\/mickyandoniehn.com\/radio\/wp-json\/wp\/v2\/posts\/74994\/revisions"}],"wp:featuredmedia":[{"embeddable":true,"href":"https:\/\/mickyandoniehn.com\/radio\/wp-json\/wp\/v2\/media\/74995"}],"wp:attachment":[{"href":"https:\/\/mickyandoniehn.com\/radio\/wp-json\/wp\/v2\/media?parent=74994"}],"wp:term":[{"taxonomy":"category","embeddable":true,"href":"https:\/\/mickyandoniehn.com\/radio\/wp-json\/wp\/v2\/categories?post=74994"},{"taxonomy":"post_tag","embeddable":true,"href":"https:\/\/mickyandoniehn.com\/radio\/wp-json\/wp\/v2\/tags?post=74994"}],"curies":[{"name":"wp","href":"https:\/\/api.w.org\/{rel}","templated":true}]}}