{"id":74932,"date":"2024-07-13T13:12:57","date_gmt":"2024-07-13T19:12:57","guid":{"rendered":"http:\/\/mickyandoniehn.com\/radio\/2024\/07\/13\/la-enee-niega-aumentos-en-las-tarifas-para-los-grandes-consumidores\/"},"modified":"2024-07-13T13:12:57","modified_gmt":"2024-07-13T19:12:57","slug":"la-enee-niega-aumentos-en-las-tarifas-para-los-grandes-consumidores","status":"publish","type":"post","link":"https:\/\/mickyandoniehn.com\/radio\/2024\/07\/13\/la-enee-niega-aumentos-en-las-tarifas-para-los-grandes-consumidores\/","title":{"rendered":"La ENEE niega aumentos en las tarifas para los grandes consumidores"},"content":{"rendered":"<\/p>\n<p>El ministro de Energ\u00eda y gerente interino de la Empresa Nacional de Energ\u00eda El\u00e9ctrica (ENEE), Erick Tejada, rechaz\u00f3 rotundamente las acusaciones de un incremento en las tarifas para los grandes consumidores.<\/p>\n<p>El empresario, Adolfo Facuss\u00e9, manifest\u00f3 que, \u201cla ENEE acaba de anunciar un aumento en el precio de la energ\u00eda a los sectores de m\u00e1s alto consumo, es decir, a los establecimientos industriales, que va del 15.24 por ciento hasta un 20.16 por ciento. Esto sucede cuando nuestro m\u00e1s pr\u00f3ximo competidor, Guatemala, tiene precios de 7 centavos de d\u00f3lar por kilovatio-hora, mientras aqu\u00ed la ENEE cobra el triple\u201d.<\/p>\n<p>En respuesta, Tejada declar\u00f3: \u201cEs absolutamente falso, no hay incremento en la tarifa, puede ser que lo que \u00e9l se refiere es un incremento en consumo, si sube el consumo igual sube la factura. Adem\u00e1s, puede ser que se refiera a ese peque\u00f1\u00edsimo grupo de grandes consumidores que apoyan con el subsidio cruzado\u201d.<\/p>\n<p><a href=\"https:\/\/i2.wp.com\/hondudiario.com\/wp-content\/uploads\/2023\/05\/Captura-de-pantalla-2023-05-30-090319.png?ssl=1\"><\/a><\/p>\n<p>El ministro reconoci\u00f3 que en Guatemala se paga 7 centavos de d\u00f3lar por kilovatio hora, atribuyendo este bajo costo al desarrollo sistem\u00e1tico de su sistema de transmisi\u00f3n y las licitaciones competitivas realizadas durante los \u00faltimos 25 a\u00f1os.<\/p>\n<p>Asimismo, Tejada destac\u00f3 que se est\u00e1n renegociando contratos en el Congreso Nacional para obtener mejores precios para los consumidores, sin que esto implique un ajuste a la tarifa, ya que el gobierno asume cualquier cambio de manera equitativa para todos los abonados, tanto residenciales como comerciales.<\/p>\n<p>El funcionario revel\u00f3 que el ajuste tarifario para este a\u00f1o rondar\u00e1 entre 4 mil y 5 mil millones de lempiras, sin implicar aumentos en las tarifas actuales.<\/p>\n<p><a href=\"https:\/\/i1.wp.com\/hondudiario.com\/wp-content\/uploads\/2023\/05\/DSC_0056-scaled.jpg?ssl=1\"><\/a><\/p>\n<p>En cuanto a la licitaci\u00f3n p\u00fablica internacional para 1 mil 500 megavatios de energ\u00eda, inform\u00f3 que se espera que esta se realice entre finales de julio y principios de agosto, con la proyecci\u00f3n de que las nuevas plantas comiencen a operar en 2027.<\/p>\n<p>Respecto a las denuncias de la ASJ sobre discrepancias entre las adendas presentadas por la ENEE y las manejadas por el Congreso Nacional, Tejada aclar\u00f3: \u201cEso no es totalmente cierto. Entregamos los contratos v\u00eda correo a la secretar\u00eda del Congreso Nacional y esos contratos coinciden con los que est\u00e1n subidos en la p\u00e1gina web de la ENEE que son las adendas ya en PDF. En el anteproyecto hubo unos errores de forma con tres contratos, pero nos reunimos con la comisi\u00f3n de energ\u00eda y se est\u00e1 subsanando\u201d.\u00a0<strong>OB\/Hondudiario<\/strong><\/p>\n","protected":false},"excerpt":{"rendered":"<p>El ministro de Energ\u00eda y gerente interino de la Empresa Nacional de Energ\u00eda El\u00e9ctrica (ENEE), Erick Tejada, rechaz\u00f3 rotundamente las acusaciones de un incremento en las tarifas para los grandes consumidores. El empresario, Adolfo Facuss\u00e9, manifest\u00f3 que, \u201cla ENEE acaba de anunciar un aumento en el precio de la energ\u00eda a los sectores de m\u00e1s &hellip;<\/p>\n","protected":false},"author":0,"featured_media":74933,"comment_status":"open","ping_status":"open","sticky":false,"template":"","format":"standard","meta":{"_jetpack_memberships_contains_paid_content":false,"footnotes":""},"categories":[5],"tags":[],"class_list":["post-74932","post","type-post","status-publish","format-standard","has-post-thumbnail","","category-noticias"],"jetpack_sharing_enabled":true,"jetpack_featured_media_url":"https:\/\/mickyandoniehn.com\/radio\/wp-content\/uploads\/2024\/07\/Captura-de-pantalla-2023-08-22-144449-IbjSE6.png","_links":{"self":[{"href":"https:\/\/mickyandoniehn.com\/radio\/wp-json\/wp\/v2\/posts\/74932","targetHints":{"allow":["GET"]}}],"collection":[{"href":"https:\/\/mickyandoniehn.com\/radio\/wp-json\/wp\/v2\/posts"}],"about":[{"href":"https:\/\/mickyandoniehn.com\/radio\/wp-json\/wp\/v2\/types\/post"}],"replies":[{"embeddable":true,"href":"https:\/\/mickyandoniehn.com\/radio\/wp-json\/wp\/v2\/comments?post=74932"}],"version-history":[{"count":0,"href":"https:\/\/mickyandoniehn.com\/radio\/wp-json\/wp\/v2\/posts\/74932\/revisions"}],"wp:featuredmedia":[{"embeddable":true,"href":"https:\/\/mickyandoniehn.com\/radio\/wp-json\/wp\/v2\/media\/74933"}],"wp:attachment":[{"href":"https:\/\/mickyandoniehn.com\/radio\/wp-json\/wp\/v2\/media?parent=74932"}],"wp:term":[{"taxonomy":"category","embeddable":true,"href":"https:\/\/mickyandoniehn.com\/radio\/wp-json\/wp\/v2\/categories?post=74932"},{"taxonomy":"post_tag","embeddable":true,"href":"https:\/\/mickyandoniehn.com\/radio\/wp-json\/wp\/v2\/tags?post=74932"}],"curies":[{"name":"wp","href":"https:\/\/api.w.org\/{rel}","templated":true}]}}