{"id":74919,"date":"2024-07-12T16:12:39","date_gmt":"2024-07-12T22:12:39","guid":{"rendered":"http:\/\/mickyandoniehn.com\/radio\/2024\/07\/12\/conoce-los-peligros-de-compartir-fotos-de-tus-hijos-en-redes-sociales-y-como-proteger-su-privacidad\/"},"modified":"2024-07-12T16:12:39","modified_gmt":"2024-07-12T22:12:39","slug":"conoce-los-peligros-de-compartir-fotos-de-tus-hijos-en-redes-sociales-y-como-proteger-su-privacidad","status":"publish","type":"post","link":"https:\/\/mickyandoniehn.com\/radio\/2024\/07\/12\/conoce-los-peligros-de-compartir-fotos-de-tus-hijos-en-redes-sociales-y-como-proteger-su-privacidad\/","title":{"rendered":"Conoce los peligros de compartir fotos de tus hijos en redes sociales y como proteger su privacidad"},"content":{"rendered":"<\/p>\n<p>12.07.2024<\/p>\n<p class=\"paragraph\">Compartir momentos de nuestra vida cotidiana en redes sociales se ha convertido en una pr\u00e1ctica com\u00fan. Sin embargo, cuando se trata de nuestros hijos, esta tendencia conocida como sharenting puede tener consecuencias graves y que se pasan por alto continuamente,\u00a0poniendo en riesgo su vida y su integridad.<\/p>\n<p class=\"paragraph\">Aunque publicar una foto sobre un d\u00eda en el parque parece algo inofensivo, debemos tener en cuenta que una vez una imagen se sube a internet, perdemos el control de ella. Esto quiere decir que,\u00a0a pesar de la inocencia de la publicaci\u00f3n y querer compartir algo especial, esa imagen puede representar m\u00faltiples posibilidades para un ciberdelincuente o un acosador.<\/p>\n<div class=\"headline-wrapper\">\n<h2 class=\"header headline-class-h2\">\u00bfCu\u00e1les son los peligros que publicar fotos de sus hijos?<\/h2>\n<\/div>\n<p>P\u00e9rdida de control sobre las im\u00e1genes<\/p>\n<p class=\"paragraph\">Muchas personas desconocen que las im\u00e1genes subidas a redes sociales pueden ser compradas por otras empresas y utilizadas para publicidad sin el consentimiento de quienes aparecen en ellas.<\/p>\n<p class=\"paragraph\">Peor a\u00fan, estas im\u00e1genes pueden ser alteradas y empleadas con fines il\u00edcitos, como la pornograf\u00eda infantil. Seg\u00fan datos recientes,\u00a0el 17% de los ni\u00f1os encuestados afirmaron que sus propios padres publicaron im\u00e1genes o videos sin consultarles primero, y el 12% pidi\u00f3 que se eliminara contenido publicado en internet.<\/p>\n<p>Vulneraci\u00f3n de la ley de protecci\u00f3n de datos<\/p>\n<p class=\"paragraph\">En pa\u00edses como Espa\u00f1a, la imagen de los menores es considerada un dato personal protegido por la Ley de Protecci\u00f3n de Datos de Car\u00e1cter Personal.\u00a0Esta legislaci\u00f3n establece que es necesario obtener el consentimiento informado del menor si tiene 14 a\u00f1os o m\u00e1s, y si es menor de 13 a\u00f1os, se requiere el consentimiento de sus padres o tutores.<\/p>\n<p class=\"paragraph\">Publicar fotos de ni\u00f1os sin cumplir con estas normativas no solo es ilegal, sino que tambi\u00e9n vulnera los derechos fundamentales del menor.<\/p>\n<p>Exposici\u00f3n a riesgos de seguridad<\/p>\n<p class=\"paragraph\">Las fotos de ni\u00f1os a menudo revelan m\u00e1s informaci\u00f3n de la que parece a simple vista.\u00a0Detalles como el lugar donde viven, las actividades que les gustan o la escuela a la que asisten pueden ser deducidos a partir de las im\u00e1genes.<\/p>\n<p class=\"paragraph\">Esta informaci\u00f3n puede ser explotada por personas con malas intenciones, poniendo en peligro la seguridad del menor. Adem\u00e1s,\u00a0los ciberdelincuentes pueden usar estos datos para adivinar contrase\u00f1as o localizar a la familia.<\/p>\n<p>Creaci\u00f3n de una huella digital no deseada<\/p>\n<p class=\"paragraph\">Cada foto o video que se publica en redes sociales contribuye a la creaci\u00f3n de una huella digital del menor, que podr\u00eda no ser deseada por \u00e9l en el futuro.\u00a0Esto puede llevar a situaciones de bullying, acoso o afectar la imagen profesional del ni\u00f1o cuando crezca.<\/p>\n<p class=\"paragraph\">Un ejemplo extremo es un caso en Colombia en 2022, donde un ni\u00f1o demand\u00f3 a su madre por publicar fotos suyas en un perfil de redes sociales asociado con contenido para adultos.\u00a0El tribunal orden\u00f3 a la madre eliminar las im\u00e1genes debido a la exposici\u00f3n inapropiada del menor.<\/p>\n<div class=\"headline-wrapper\">\n<h2 class=\"header headline-class-h2\">Recomendaciones para proteger a los menores en redes sociales<\/h2>\n<\/div>\n<p>Leer las condiciones de las redes sociales<\/p>\n<p class=\"paragraph\">Antes de publicar fotos de menores, es fundamental leer y comprender las condiciones de privacidad de la red social en cuesti\u00f3n. Algunas plataformas pueden almacenar, copiar y usar las im\u00e1genes para otros fines sin el conocimiento del usuario.\u00a0Es importante revisar las configuraciones de privacidad y asegurarse de que solo personas conocidas puedan ver las fotos.<\/p>\n<p>Evitar la identificaci\u00f3n del menor<\/p>\n<p class=\"paragraph\">Al compartir fotos, es recomendable que los ni\u00f1os no sean f\u00e1cilmente reconocibles. Publicar im\u00e1genes donde aparezcan de espaldas, que solo se vean sus manos o cubrir su rostro con un emoji, son algunas soluciones.\u00a0Tambi\u00e9n es crucial desactivar la localizaci\u00f3n de las fotos y evitar detalles en el texto que puedan revelar informaci\u00f3n personal o geogr\u00e1fica.<\/p>\n<p>No publicar fotos de grupos sin consentimiento<\/p>\n<p class=\"paragraph\">Es com\u00fan ver fotos de ni\u00f1os en grupos, ya sea en fiestas de cumplea\u00f1os o actividades escolares. Sin embargo, publicar estas im\u00e1genes sin el consentimiento de los padres de todos los ni\u00f1os involucrados puede causar problemas legales y \u00e9ticos.\u00a0En casos de padres divorciados, ya hay precedentes legales que proh\u00edben a un progenitor publicar fotos del menor sin el consentimiento del otro.<\/p>\n<p>Solicitar el consentimiento de los menores<\/p>\n<p class=\"paragraph\">Si el ni\u00f1o tiene la edad suficiente para opinar, es importante pedir su consentimiento antes de publicar una foto. Esto no solo respeta sus derechos, sino que tambi\u00e9n les ense\u00f1a sobre la importancia de la privacidad y el control de su propia imagen.<\/p>\n<p>Fuente: Hondudiario.com<\/p>\n<div class=\"headline-wrapper\"><\/div>\n","protected":false},"excerpt":{"rendered":"<p>12.07.2024 Compartir momentos de nuestra vida cotidiana en redes sociales se ha convertido en una pr\u00e1ctica com\u00fan. Sin embargo, cuando se trata de nuestros hijos, esta tendencia conocida como sharenting puede tener consecuencias graves y que se pasan por alto continuamente,\u00a0poniendo en riesgo su vida y su integridad. Aunque publicar una foto sobre un d\u00eda &hellip;<\/p>\n","protected":false},"author":0,"featured_media":74920,"comment_status":"open","ping_status":"open","sticky":false,"template":"","format":"standard","meta":{"_jetpack_memberships_contains_paid_content":false,"footnotes":""},"categories":[5],"tags":[],"class_list":["post-74919","post","type-post","status-publish","format-standard","has-post-thumbnail","","category-noticias"],"jetpack_sharing_enabled":true,"jetpack_featured_media_url":"https:\/\/mickyandoniehn.com\/radio\/wp-content\/uploads\/2024\/07\/5fa3c740cfa71-90UK5s.jpeg","_links":{"self":[{"href":"https:\/\/mickyandoniehn.com\/radio\/wp-json\/wp\/v2\/posts\/74919","targetHints":{"allow":["GET"]}}],"collection":[{"href":"https:\/\/mickyandoniehn.com\/radio\/wp-json\/wp\/v2\/posts"}],"about":[{"href":"https:\/\/mickyandoniehn.com\/radio\/wp-json\/wp\/v2\/types\/post"}],"replies":[{"embeddable":true,"href":"https:\/\/mickyandoniehn.com\/radio\/wp-json\/wp\/v2\/comments?post=74919"}],"version-history":[{"count":0,"href":"https:\/\/mickyandoniehn.com\/radio\/wp-json\/wp\/v2\/posts\/74919\/revisions"}],"wp:featuredmedia":[{"embeddable":true,"href":"https:\/\/mickyandoniehn.com\/radio\/wp-json\/wp\/v2\/media\/74920"}],"wp:attachment":[{"href":"https:\/\/mickyandoniehn.com\/radio\/wp-json\/wp\/v2\/media?parent=74919"}],"wp:term":[{"taxonomy":"category","embeddable":true,"href":"https:\/\/mickyandoniehn.com\/radio\/wp-json\/wp\/v2\/categories?post=74919"},{"taxonomy":"post_tag","embeddable":true,"href":"https:\/\/mickyandoniehn.com\/radio\/wp-json\/wp\/v2\/tags?post=74919"}],"curies":[{"name":"wp","href":"https:\/\/api.w.org\/{rel}","templated":true}]}}