{"id":74834,"date":"2024-07-11T14:13:09","date_gmt":"2024-07-11T20:13:09","guid":{"rendered":"https:\/\/mickyandoniehn.com\/radio\/2024\/07\/11\/el-bayern-munich-ficha-al-portugues-joao-palhinha\/"},"modified":"2024-07-11T14:13:09","modified_gmt":"2024-07-11T20:13:09","slug":"el-bayern-munich-ficha-al-portugues-joao-palhinha","status":"publish","type":"post","link":"https:\/\/mickyandoniehn.com\/radio\/2024\/07\/11\/el-bayern-munich-ficha-al-portugues-joao-palhinha\/","title":{"rendered":"El Bayern M\u00fanich ficha al portugu\u00e9s Jo\u00e3o Palhinha"},"content":{"rendered":"<\/p>\n<p>11.07.2024<\/p>\n<p><strong>Berl\u00edn \u2013\u00a0<\/strong>El Bayern M\u00fanich ha oficializado la contrataci\u00f3n del medio centro portugu\u00e9s Jo\u00e3o Palhinha, procedente del Fulham ingl\u00e9s.<\/p>\n<p>El centrocampista, que aterriza en el club germano tras disputar la Eurocopa de Alemania con su selecci\u00f3n, ha firmado con la entidad b\u00e1vara hasta 2028 y el coste de la operaci\u00f3n, seg\u00fan ha trascendido en medios alemanes, rondar\u00eda los 50 millones de euros.<\/p>\n<p>El internacional luso asegur\u00f3 en su presentaci\u00f3n con el Bayern que \u00abes uno de los d\u00edas m\u00e1s felices\u00bb de su vida y que jugar \u00aben uno de los absolutos grandes clubes de Europa es un sue\u00f1o hecho realidad\u00bb, de lo que se siente \u00abmuy orgulloso de ello\u00bb.<\/p>\n<p>\u00abEstoy deseando ver el ambiente y a los aficionados en el Allianz Arena. Quiero celebrar el \u00e9xito con el Bayern y ganar t\u00edtulos, dar\u00e9 todo para ello\u00bb, resalt\u00f3.<\/p>\n<p>El director general del club Max Eberl manifest\u00f3 en el acto que \u00abPalhinha ya fue muy valorado por el Bayern el verano pasado\u00bb, as\u00ed como que el portugu\u00e9s \u00abten\u00eda muchas ganas de venir al FC Bayern\u00bb.<\/p>\n<p>\u00abEs un importante basti\u00f3n para nuestro futuro. Ha vuelto a demostrar su val\u00eda en la Eurocopa y aporta mucha experiencia\u00bb, remarc\u00f3.<\/p>\n<p>Jo\u00e3o Palhinha llega a la escuadra de Baviera tras jugar las \u00faltimas dos temporadas en la \u2018Premier League\u2019 con el Fulham, con el que ha jugado 79 partidos oficiales y marcado ocho goles.<\/p>\n<p>Con la selecci\u00f3n de Portugal ha participado en 31 choque, y ha formado parte de la convocatoria lusa en un Mundial y dos Eurocopas, incluida la reciente en Alemania.<\/p>\n<p>Fuente: Proceso.hn<\/p>\n","protected":false},"excerpt":{"rendered":"<p>11.07.2024 Berl\u00edn \u2013\u00a0El Bayern M\u00fanich ha oficializado la contrataci\u00f3n del medio centro portugu\u00e9s Jo\u00e3o Palhinha, procedente del Fulham ingl\u00e9s. El centrocampista, que aterriza en el club germano tras disputar la Eurocopa de Alemania con su selecci\u00f3n, ha firmado con la entidad b\u00e1vara hasta 2028 y el coste de la operaci\u00f3n, seg\u00fan ha trascendido en medios &hellip;<\/p>\n","protected":false},"author":0,"featured_media":74835,"comment_status":"open","ping_status":"open","sticky":false,"template":"","format":"standard","meta":{"_jetpack_memberships_contains_paid_content":false,"footnotes":""},"categories":[5],"tags":[],"class_list":["post-74834","post","type-post","status-publish","format-standard","has-post-thumbnail","","category-noticias"],"jetpack_sharing_enabled":true,"jetpack_featured_media_url":"https:\/\/mickyandoniehn.com\/radio\/wp-content\/uploads\/2024\/07\/Joao-Palhinha-696x517-EUmYO1.jpeg","_links":{"self":[{"href":"https:\/\/mickyandoniehn.com\/radio\/wp-json\/wp\/v2\/posts\/74834","targetHints":{"allow":["GET"]}}],"collection":[{"href":"https:\/\/mickyandoniehn.com\/radio\/wp-json\/wp\/v2\/posts"}],"about":[{"href":"https:\/\/mickyandoniehn.com\/radio\/wp-json\/wp\/v2\/types\/post"}],"replies":[{"embeddable":true,"href":"https:\/\/mickyandoniehn.com\/radio\/wp-json\/wp\/v2\/comments?post=74834"}],"version-history":[{"count":0,"href":"https:\/\/mickyandoniehn.com\/radio\/wp-json\/wp\/v2\/posts\/74834\/revisions"}],"wp:featuredmedia":[{"embeddable":true,"href":"https:\/\/mickyandoniehn.com\/radio\/wp-json\/wp\/v2\/media\/74835"}],"wp:attachment":[{"href":"https:\/\/mickyandoniehn.com\/radio\/wp-json\/wp\/v2\/media?parent=74834"}],"wp:term":[{"taxonomy":"category","embeddable":true,"href":"https:\/\/mickyandoniehn.com\/radio\/wp-json\/wp\/v2\/categories?post=74834"},{"taxonomy":"post_tag","embeddable":true,"href":"https:\/\/mickyandoniehn.com\/radio\/wp-json\/wp\/v2\/tags?post=74834"}],"curies":[{"name":"wp","href":"https:\/\/api.w.org\/{rel}","templated":true}]}}