{"id":74803,"date":"2024-07-10T15:12:50","date_gmt":"2024-07-10T21:12:50","guid":{"rendered":"http:\/\/mickyandoniehn.com\/radio\/2024\/07\/10\/en-octubre-llegarian-las-primeras-vacunas-contra-el-dengue-segun-la-sesal\/"},"modified":"2024-07-10T15:12:50","modified_gmt":"2024-07-10T21:12:50","slug":"en-octubre-llegarian-las-primeras-vacunas-contra-el-dengue-segun-la-sesal","status":"publish","type":"post","link":"https:\/\/mickyandoniehn.com\/radio\/2024\/07\/10\/en-octubre-llegarian-las-primeras-vacunas-contra-el-dengue-segun-la-sesal\/","title":{"rendered":"En octubre llegar\u00edan las primeras vacunas contra el dengue, seg\u00fan la Sesal"},"content":{"rendered":"<\/p>\n<p>10.07.2024<\/p>\n<p>En octubre arribar\u00edan a Honduras las primeras dosis de la vacuna contra el dengue, estim\u00f3 este mi\u00e9rcoles la epidemi\u00f3loga de la Secretar\u00eda de Salud, Amy Tovar.<\/p>\n<p>La profesional de la salud coment\u00f3 en conferencia de prensa que se est\u00e1 trabajando en el plan de la introducci\u00f3n de la vacuna, en su implementaci\u00f3n y lineamientos de introducci\u00f3n junto con el Programa Ampliado de Inmunizaciones (PAI).<\/p>\n<p>\u201cSon alrededor de 57 mil dosis para octubre, el proveedor est\u00e1 teniendo demanda y se est\u00e1n retrasando los periodos de entrega\u201d, dijo Tovar.<\/p>\n<p>Detall\u00f3 que las vacunas que adquirir\u00edan son las que est\u00e1 desarrollando Jap\u00f3n, \u201cTAK-003\u201d, y se aplicar\u00eda a menores de 5 a 16 a\u00f1os.<\/p>\n<p>Consultada por los datos del dengue en el pa\u00eds, contest\u00f3 que se han confirmado cinco mil 860 casos de 448 mil 441 reportados, de los cuales, se han registrado 24 decesos.<\/p>\n<p>Tovar coment\u00f3 que la Secretar\u00eda de Salud est\u00e1 priorizando los trabajos de nebulizaciones y fumigaciones, en la que los barrios y colonias son seleccionados en base al an\u00e1lisis de las mesas sectoriales.<\/p>\n<p>Adem\u00e1s, agreg\u00f3 que las entidades gubernamentales est\u00e1n promocionando en qu\u00e9 sitios se van a hacer las campa\u00f1as de limpieza, eliminaci\u00f3n de criaderos y fumigaciones.<\/p>\n<p>Anunci\u00f3 que en octubre se realizar\u00eda una tercera compra de 15 m\u00e1quinas Leco y 230 motos mochilas.<\/p>\n<p>Fuente: Diarioroatan.com<\/p>\n","protected":false},"excerpt":{"rendered":"<p>10.07.2024 En octubre arribar\u00edan a Honduras las primeras dosis de la vacuna contra el dengue, estim\u00f3 este mi\u00e9rcoles la epidemi\u00f3loga de la Secretar\u00eda de Salud, Amy Tovar. La profesional de la salud coment\u00f3 en conferencia de prensa que se est\u00e1 trabajando en el plan de la introducci\u00f3n de la vacuna, en su implementaci\u00f3n y lineamientos &hellip;<\/p>\n","protected":false},"author":0,"featured_media":74804,"comment_status":"open","ping_status":"open","sticky":false,"template":"","format":"standard","meta":{"_jetpack_memberships_contains_paid_content":false,"footnotes":""},"categories":[5],"tags":[],"class_list":["post-74803","post","type-post","status-publish","format-standard","has-post-thumbnail","","category-noticias"],"jetpack_sharing_enabled":true,"jetpack_featured_media_url":"https:\/\/mickyandoniehn.com\/radio\/wp-content\/uploads\/2024\/07\/fd07e4_e9043696f8c64125a3a7d2c89bd1341dmv2-750x430-2k8QvY.jpeg","_links":{"self":[{"href":"https:\/\/mickyandoniehn.com\/radio\/wp-json\/wp\/v2\/posts\/74803","targetHints":{"allow":["GET"]}}],"collection":[{"href":"https:\/\/mickyandoniehn.com\/radio\/wp-json\/wp\/v2\/posts"}],"about":[{"href":"https:\/\/mickyandoniehn.com\/radio\/wp-json\/wp\/v2\/types\/post"}],"replies":[{"embeddable":true,"href":"https:\/\/mickyandoniehn.com\/radio\/wp-json\/wp\/v2\/comments?post=74803"}],"version-history":[{"count":0,"href":"https:\/\/mickyandoniehn.com\/radio\/wp-json\/wp\/v2\/posts\/74803\/revisions"}],"wp:featuredmedia":[{"embeddable":true,"href":"https:\/\/mickyandoniehn.com\/radio\/wp-json\/wp\/v2\/media\/74804"}],"wp:attachment":[{"href":"https:\/\/mickyandoniehn.com\/radio\/wp-json\/wp\/v2\/media?parent=74803"}],"wp:term":[{"taxonomy":"category","embeddable":true,"href":"https:\/\/mickyandoniehn.com\/radio\/wp-json\/wp\/v2\/categories?post=74803"},{"taxonomy":"post_tag","embeddable":true,"href":"https:\/\/mickyandoniehn.com\/radio\/wp-json\/wp\/v2\/tags?post=74803"}],"curies":[{"name":"wp","href":"https:\/\/api.w.org\/{rel}","templated":true}]}}