{"id":74799,"date":"2024-07-10T14:12:59","date_gmt":"2024-07-10T20:12:59","guid":{"rendered":"https:\/\/mickyandoniehn.com\/radio\/2024\/07\/10\/festival-gracias-convoca-vuelve-a-destacar-por-sus-expresiones-artisticas-y-tradiciones-culturales\/"},"modified":"2024-07-10T14:12:59","modified_gmt":"2024-07-10T20:12:59","slug":"festival-gracias-convoca-vuelve-a-destacar-por-sus-expresiones-artisticas-y-tradiciones-culturales","status":"publish","type":"post","link":"https:\/\/mickyandoniehn.com\/radio\/2024\/07\/10\/festival-gracias-convoca-vuelve-a-destacar-por-sus-expresiones-artisticas-y-tradiciones-culturales\/","title":{"rendered":"Festival Gracias Convoca vuelve a destacar por sus expresiones artisticas y tradiciones culturales"},"content":{"rendered":"<\/p>\n<p>10.07.2024<\/p>\n<p>La Alcald\u00eda Municipal de Gracias, Lempira, celebr\u00f3 la d\u00e9cimo primera edici\u00f3n del Festival Internacional de Arte y Cultura Gracias Convoca 2024. Un evento vibrante y colorido, impregnado de expresiones art\u00edsticas y tradiciones culturales, marca un hito significativo en la celebraci\u00f3n de nuestra rica herencia cultural.<\/p>\n<p>En el evento estuvieron presente Sugey Cort\u00e9s, Coordinadora del Centro Regional de la UPNFM en Gracias; Ram\u00f3n Alberto Santos, presidente de CANATURH Cap\u00edtulo Gracias, Lempira; Shary Padilla, Representante del Instituto Hondure\u00f1o de Turismo; y Marvin Valladares, reconocido artista y promotor cultural de Gracias. Cada uno de ellos subray\u00f3 la importancia de este festival como un espacio para el intercambio y la promoci\u00f3n de las artes y la cultura en la regi\u00f3n.<\/p>\n<p>Gracias Convoca 2024, que se llev\u00f3 a cabo del 4 al 7 de julio, y ofreci\u00f3 una amplia gama de actividades art\u00edsticas y culturales para el disfrute de toda la familia. Desde exposiciones de arte, conciertos y talleres, hasta presentaciones de danza y teatro, el festival promete ser una experiencia enriquecedora y memorable para todos los asistentes.<\/p>\n<p>El aviturismo destac\u00f3 en el Gracias Convoca 2024, con la conferencia titulada \u201cProyecto Guacamaya Lenca: una mirada al pasado y al futuro\u201d, organizada por PRO-ALAS. La conferencia, dirigida por la Noelia Volpe, se centr\u00f3 en diversos aspectos cruciales para la conservaci\u00f3n y el manejo responsable de nuestra ave nacional, destacando temas como los cuidados especializados, la reintegraci\u00f3n en h\u00e1bitats naturales y estrategias efectivas de alimentaci\u00f3n.<\/p>\n<p>El evento moderado por Kenia Maribel de Paz e Irma Hern\u00e1ndez, representantes de CANATURH Cap\u00edtulo Gracias, Lempira, fue una plataforma clave para explorar los avances y desaf\u00edos del Proyecto Guacamaya Lenca, resaltando su impacto tanto en la comunidad local como en el \u00e1mbito del turismo sostenible.<\/p>\n<p>Paola Car\u00edas, miembro de la junta directiva de PRO-ALAS subray\u00f3 la necesidad urgente de fortalecer las pr\u00e1cticas de conservaci\u00f3n y educaci\u00f3n ambiental para garantizar un futuro pr\u00f3spero tanto para las guacamayas como para otras especies de la regi\u00f3n.<\/p>\n<p>La conferencia no solo sirvi\u00f3 como un espacio de aprendizaje y reflexi\u00f3n, sino tambi\u00e9n como un llamado a la acci\u00f3n para promover el aviturismo responsable y la preservaci\u00f3n de los h\u00e1bitats naturales en Honduras y m\u00e1s all\u00e1.<\/p>\n<p>Gracias Convoca 2024 igual cont\u00f3 con el exitoso conversatorio \u201cTarde Con Aroma de Caf\u00e9\u201d, un evento que reuni\u00f3 a expertos y entusiastas del caf\u00e9 para discutir temas clave en la industria cafetalera.<\/p>\n<p>Durante el conversatorio, se abordaron diversas tem\u00e1ticas, como los m\u00e9todos tradicionales de caf\u00e9, la sostenibilidad y rentabilidad de las fincas, la innovaci\u00f3n en los m\u00e9todos de filtrado y los desaf\u00edos actuales de la caficultura. Estos temas despertaron gran inter\u00e9s y propiciaron un enriquecedor intercambio de conocimientos y experiencias.<\/p>\n<p>Roberto Rodas, miembro de la Asociaci\u00f3n de Caf\u00e9 y Cultura, lider\u00f3 el evento junto a otros destacados gestores del sector. Entre ellos, Carlos Murillo, Subsecretario de Caficultura, quien tambi\u00e9n particip\u00f3 activamente en las discusiones.<\/p>\n<p>La presencia de estas figuras clave subray\u00f3 la importancia de la colaboraci\u00f3n y la innovaci\u00f3n para el futuro de la caficultura en Gracias.<\/p>\n<p>Fuente: Diarioroatan.com<\/p>\n","protected":false},"excerpt":{"rendered":"<p>10.07.2024 La Alcald\u00eda Municipal de Gracias, Lempira, celebr\u00f3 la d\u00e9cimo primera edici\u00f3n del Festival Internacional de Arte y Cultura Gracias Convoca 2024. Un evento vibrante y colorido, impregnado de expresiones art\u00edsticas y tradiciones culturales, marca un hito significativo en la celebraci\u00f3n de nuestra rica herencia cultural. En el evento estuvieron presente Sugey Cort\u00e9s, Coordinadora del &hellip;<\/p>\n","protected":false},"author":0,"featured_media":74800,"comment_status":"open","ping_status":"open","sticky":false,"template":"","format":"standard","meta":{"_jetpack_memberships_contains_paid_content":false,"footnotes":""},"categories":[5],"tags":[],"class_list":["post-74799","post","type-post","status-publish","format-standard","has-post-thumbnail","","category-noticias"],"jetpack_sharing_enabled":true,"jetpack_featured_media_url":"https:\/\/mickyandoniehn.com\/radio\/wp-content\/uploads\/2024\/07\/23beb7a1-aa61-479d-903c-ba5022ba4232-750x430-IE10qE.jpeg","_links":{"self":[{"href":"https:\/\/mickyandoniehn.com\/radio\/wp-json\/wp\/v2\/posts\/74799","targetHints":{"allow":["GET"]}}],"collection":[{"href":"https:\/\/mickyandoniehn.com\/radio\/wp-json\/wp\/v2\/posts"}],"about":[{"href":"https:\/\/mickyandoniehn.com\/radio\/wp-json\/wp\/v2\/types\/post"}],"replies":[{"embeddable":true,"href":"https:\/\/mickyandoniehn.com\/radio\/wp-json\/wp\/v2\/comments?post=74799"}],"version-history":[{"count":0,"href":"https:\/\/mickyandoniehn.com\/radio\/wp-json\/wp\/v2\/posts\/74799\/revisions"}],"wp:featuredmedia":[{"embeddable":true,"href":"https:\/\/mickyandoniehn.com\/radio\/wp-json\/wp\/v2\/media\/74800"}],"wp:attachment":[{"href":"https:\/\/mickyandoniehn.com\/radio\/wp-json\/wp\/v2\/media?parent=74799"}],"wp:term":[{"taxonomy":"category","embeddable":true,"href":"https:\/\/mickyandoniehn.com\/radio\/wp-json\/wp\/v2\/categories?post=74799"},{"taxonomy":"post_tag","embeddable":true,"href":"https:\/\/mickyandoniehn.com\/radio\/wp-json\/wp\/v2\/tags?post=74799"}],"curies":[{"name":"wp","href":"https:\/\/api.w.org\/{rel}","templated":true}]}}