{"id":74797,"date":"2024-07-10T14:12:56","date_gmt":"2024-07-10T20:12:56","guid":{"rendered":"https:\/\/mickyandoniehn.com\/radio\/2024\/07\/10\/muere-un-joven-por-sospecha-de-dengue-en-santiago-de-puringla-que-reporta-350-casos-positivos\/"},"modified":"2024-07-10T14:12:56","modified_gmt":"2024-07-10T20:12:56","slug":"muere-un-joven-por-sospecha-de-dengue-en-santiago-de-puringla-que-reporta-350-casos-positivos","status":"publish","type":"post","link":"https:\/\/mickyandoniehn.com\/radio\/2024\/07\/10\/muere-un-joven-por-sospecha-de-dengue-en-santiago-de-puringla-que-reporta-350-casos-positivos\/","title":{"rendered":"Muere un joven por sospecha de dengue en Santiago de Puringla, que reporta 350 casos positivos"},"content":{"rendered":"<\/p>\n<p>10.07.2024<\/p>\n<p><strong>Tegucigalpa<\/strong>\u00a0\u2013 Un joven de 27 a\u00f1os muri\u00f3 en las \u00faltimas horas en el Hospital de La Paz, procedente del municipio de Santiago de Puringla, reportaron autoridades de Salud.<\/p>\n<p>El municipio ya acumula 350 casos positivos de dengue en el presente a\u00f1o y se trata de una cifra hist\u00f3rica ya que se trata de un lugar alto en la sierra donde la proliferaci\u00f3n del zancudo que transmite el virus no es com\u00fan.<\/p>\n<p>\u00a0No obstante, los expertos se\u00f1alan al cambio clim\u00e1tico como responsable que ahora el zancudo pueda reproducirse en partes altas del territorio nacional.<\/p>\n<p>Los casos de dengue ya sobrepasan los 50 mil y los decesos se ubican en 61, seg\u00fan datos de la Secretar\u00eda de Salud.<\/p>\n<p>Los\u00a0s\u00edntomas\u00a0del\u00a0dengue\u00a0pueden ser fiebre alta, dolor de cabeza y en otras partes del cuerpo, n\u00e1useas y erupciones en la piel.<\/p>\n<p>Los\u00a0s\u00edntomas\u00a0pueden aparecer entre 4 y 10 d\u00edas despu\u00e9s de la infecci\u00f3n y duran de 2 a 7 d\u00edas, en los casos m\u00e1s graves este periodo se alarga.<\/p>\n<p>Los principales afectados con la enfermedad que provoca la picada del zancudo Aedes aegypti, siguen siendo los menores de edad.<\/p>\n<p>La enfermedad se ensa\u00f1a con los ni\u00f1os ya que son un blanco f\u00e1cil para el mosquito transmisor del\u00a0dengue.<\/p>\n<p>Fuente: Proceso.hn<\/p>\n","protected":false},"excerpt":{"rendered":"<p>10.07.2024 Tegucigalpa\u00a0\u2013 Un joven de 27 a\u00f1os muri\u00f3 en las \u00faltimas horas en el Hospital de La Paz, procedente del municipio de Santiago de Puringla, reportaron autoridades de Salud. El municipio ya acumula 350 casos positivos de dengue en el presente a\u00f1o y se trata de una cifra hist\u00f3rica ya que se trata de un &hellip;<\/p>\n","protected":false},"author":0,"featured_media":74798,"comment_status":"open","ping_status":"open","sticky":false,"template":"","format":"standard","meta":{"_jetpack_memberships_contains_paid_content":false,"footnotes":""},"categories":[5],"tags":[],"class_list":["post-74797","post","type-post","status-publish","format-standard","has-post-thumbnail","","category-noticias"],"jetpack_sharing_enabled":true,"jetpack_featured_media_url":"https:\/\/mickyandoniehn.com\/radio\/wp-content\/uploads\/2024\/07\/dengue-ninos-1-1-tT1B5g.jpeg","_links":{"self":[{"href":"https:\/\/mickyandoniehn.com\/radio\/wp-json\/wp\/v2\/posts\/74797","targetHints":{"allow":["GET"]}}],"collection":[{"href":"https:\/\/mickyandoniehn.com\/radio\/wp-json\/wp\/v2\/posts"}],"about":[{"href":"https:\/\/mickyandoniehn.com\/radio\/wp-json\/wp\/v2\/types\/post"}],"replies":[{"embeddable":true,"href":"https:\/\/mickyandoniehn.com\/radio\/wp-json\/wp\/v2\/comments?post=74797"}],"version-history":[{"count":0,"href":"https:\/\/mickyandoniehn.com\/radio\/wp-json\/wp\/v2\/posts\/74797\/revisions"}],"wp:featuredmedia":[{"embeddable":true,"href":"https:\/\/mickyandoniehn.com\/radio\/wp-json\/wp\/v2\/media\/74798"}],"wp:attachment":[{"href":"https:\/\/mickyandoniehn.com\/radio\/wp-json\/wp\/v2\/media?parent=74797"}],"wp:term":[{"taxonomy":"category","embeddable":true,"href":"https:\/\/mickyandoniehn.com\/radio\/wp-json\/wp\/v2\/categories?post=74797"},{"taxonomy":"post_tag","embeddable":true,"href":"https:\/\/mickyandoniehn.com\/radio\/wp-json\/wp\/v2\/tags?post=74797"}],"curies":[{"name":"wp","href":"https:\/\/api.w.org\/{rel}","templated":true}]}}