{"id":74795,"date":"2024-07-10T13:13:21","date_gmt":"2024-07-10T19:13:21","guid":{"rendered":"http:\/\/mickyandoniehn.com\/radio\/2024\/07\/10\/maquiladores-proyectan-exportar-6500-millones-en-2024\/"},"modified":"2024-07-10T13:13:21","modified_gmt":"2024-07-10T19:13:21","slug":"maquiladores-proyectan-exportar-6500-millones-en-2024","status":"publish","type":"post","link":"https:\/\/mickyandoniehn.com\/radio\/2024\/07\/10\/maquiladores-proyectan-exportar-6500-millones-en-2024\/","title":{"rendered":"Maquiladores proyectan exportar $ 6,500 millones en 2024"},"content":{"rendered":"<\/p>\n<p>10.07.2024<\/p>\n<p><strong>Tegucigalpa \u2013\u00a0<\/strong>El director regional de la Asociaci\u00f3n Hondure\u00f1a de Maquiladores (AHM),\u00a0<strong>Guillermo Matamoros<\/strong>\u00a0prev\u00e9 cerrar el 2024 con seis mil 500 millones de d\u00f3lares de exportaciones, ante la expansi\u00f3n de empresas emblem\u00e1ticas.<\/p>\n<p>\u201cLa industria es muy fuerte, en la industria textil confecci\u00f3n Honduras es un gran jugador a nivel global, as\u00ed que hay que protegerla porque es una verdadera plataforma de inversi\u00f3n, de exportaciones y en generaci\u00f3n de empleo\u201d, dijo al recordar que la inversi\u00f3n en el sector anda por arriba de los nueve mil millones de d\u00f3lares.<\/p>\n<p>Matamoros mencion\u00f3 que \u201cen arneses, una de las empresas emblem\u00e1ticas del sector est\u00e1 programando ampliaciones, se tom\u00f3 la decisi\u00f3n de que sea en Honduras, se van a expandir\u201d.<\/p>\n<p>En tal sentido, el empresario destac\u00f3 que aunque con toda la complejidad que se enfrenta en el pa\u00eds y el contexto global actual, Matamoros resalt\u00f3 que siempre hay expectativas, adem\u00e1s de que la concretizaci\u00f3n de estas inversiones requiere el trabajo conjunto, tanto con el gobierno como con el sector trabajador.<\/p>\n<p>En la actualidad, la industria tiene 154 mil empleos y con el aumento de las exportaciones que proyectan en el presente a\u00f1o, esperan recuperar los empleos que se perdieron en a\u00f1os anteriores.<\/p>\n<p>Fuente: Proceso Digital HN<\/p>\n","protected":false},"excerpt":{"rendered":"<p>10.07.2024 Tegucigalpa \u2013\u00a0El director regional de la Asociaci\u00f3n Hondure\u00f1a de Maquiladores (AHM),\u00a0Guillermo Matamoros\u00a0prev\u00e9 cerrar el 2024 con seis mil 500 millones de d\u00f3lares de exportaciones, ante la expansi\u00f3n de empresas emblem\u00e1ticas. \u201cLa industria es muy fuerte, en la industria textil confecci\u00f3n Honduras es un gran jugador a nivel global, as\u00ed que hay que protegerla porque &hellip;<\/p>\n","protected":false},"author":0,"featured_media":74796,"comment_status":"open","ping_status":"open","sticky":false,"template":"","format":"standard","meta":{"_jetpack_memberships_contains_paid_content":false,"footnotes":""},"categories":[5],"tags":[],"class_list":["post-74795","post","type-post","status-publish","format-standard","has-post-thumbnail","","category-noticias"],"jetpack_sharing_enabled":true,"jetpack_featured_media_url":"https:\/\/mickyandoniehn.com\/radio\/wp-content\/uploads\/2024\/07\/maquila-el-pais-hn-696x411-bkQvFx.jpeg","_links":{"self":[{"href":"https:\/\/mickyandoniehn.com\/radio\/wp-json\/wp\/v2\/posts\/74795","targetHints":{"allow":["GET"]}}],"collection":[{"href":"https:\/\/mickyandoniehn.com\/radio\/wp-json\/wp\/v2\/posts"}],"about":[{"href":"https:\/\/mickyandoniehn.com\/radio\/wp-json\/wp\/v2\/types\/post"}],"replies":[{"embeddable":true,"href":"https:\/\/mickyandoniehn.com\/radio\/wp-json\/wp\/v2\/comments?post=74795"}],"version-history":[{"count":0,"href":"https:\/\/mickyandoniehn.com\/radio\/wp-json\/wp\/v2\/posts\/74795\/revisions"}],"wp:featuredmedia":[{"embeddable":true,"href":"https:\/\/mickyandoniehn.com\/radio\/wp-json\/wp\/v2\/media\/74796"}],"wp:attachment":[{"href":"https:\/\/mickyandoniehn.com\/radio\/wp-json\/wp\/v2\/media?parent=74795"}],"wp:term":[{"taxonomy":"category","embeddable":true,"href":"https:\/\/mickyandoniehn.com\/radio\/wp-json\/wp\/v2\/categories?post=74795"},{"taxonomy":"post_tag","embeddable":true,"href":"https:\/\/mickyandoniehn.com\/radio\/wp-json\/wp\/v2\/tags?post=74795"}],"curies":[{"name":"wp","href":"https:\/\/api.w.org\/{rel}","templated":true}]}}