{"id":74793,"date":"2024-07-10T13:13:18","date_gmt":"2024-07-10T19:13:18","guid":{"rendered":"http:\/\/mickyandoniehn.com\/radio\/2024\/07\/10\/estado-de-calamidad-en-guatemala-impacta-en-las-exportaciones-hacia-honduras\/"},"modified":"2024-07-10T13:13:18","modified_gmt":"2024-07-10T19:13:18","slug":"estado-de-calamidad-en-guatemala-impacta-en-las-exportaciones-hacia-honduras","status":"publish","type":"post","link":"https:\/\/mickyandoniehn.com\/radio\/2024\/07\/10\/estado-de-calamidad-en-guatemala-impacta-en-las-exportaciones-hacia-honduras\/","title":{"rendered":"Estado de Calamidad en Guatemala impacta en las exportaciones hacia Honduras"},"content":{"rendered":"<\/p>\n<p>10.07.2024<\/p>\n<p><strong>Tegucigalpa<\/strong>\u00a0\u2013 La declaraci\u00f3n de Estado de Calamidad en Guatemala tendr\u00e1 un impacto directo en los productos que se exportan desde ese pa\u00eds hacia Honduras.<\/p>\n<p>As\u00ed lo advirti\u00f3 este d\u00eda el presidente de la Asociaci\u00f3n para la Defensa de la Canasta B\u00e1sica de Honduras (Adecabah),\u00a0<strong>Adalid Ir\u00edas<\/strong>, quien record\u00f3 que muchas de las verduras y legumbres que se consumen en Honduras son tra\u00eddas del pa\u00eds vecino.<\/p>\n<p>Dependemos de Guatemala de una cantidad considerable de productos de verduras y legumbres y al no entrar al pa\u00eds, lo que suceder\u00e1 es que se encarecer\u00e1 la producci\u00f3n nacional, alert\u00f3 el defensor de los derechos del consumidor.<\/p>\n<p>El Gobierno de Guatemala, en Consejo de Ministros decret\u00f3 Estado de Calamidad en todo el territorio nacional por medio del Decreto Gubernativo N\u00famero 2-2024, el cual se public\u00f3 el lunes en el Diario de Centro Am\u00e9rica (DCA).<\/p>\n<p>El Estado de Calamidad entr\u00f3 en vigor de inmediato y tendr\u00e1 una vigencia de 30 d\u00edas a partir de la vigencia del Acuerdo Gubernativo 2-2024.<\/p>\n<p>Dicho estado de calamidad impactar\u00e1 en la cantidad de productos que ingrese desde Guatemala, insisti\u00f3 Ir\u00edas.<\/p>\n<p>Explic\u00f3 que, durante el periodo que dure el Estado de Calamidad algunos productos de la canasta b\u00e1sica podr\u00edan incrementar su precio ya que solo se trabajar\u00e1 con productores locales.<\/p>\n<p>B\u00e1sicamente se trata de las verduras y legumbres que se compran en muchos de los mercados del pa\u00eds, principalmente de los departamentos fronterizos, detall\u00f3.<\/p>\n<p>En ese sentido, se prev\u00e9 que algunos productos puedan duplicar su precio en las siguientes semanas.<\/p>\n<p>Fuente: Proceso Digital HN<\/p>\n","protected":false},"excerpt":{"rendered":"<p>10.07.2024 Tegucigalpa\u00a0\u2013 La declaraci\u00f3n de Estado de Calamidad en Guatemala tendr\u00e1 un impacto directo en los productos que se exportan desde ese pa\u00eds hacia Honduras. As\u00ed lo advirti\u00f3 este d\u00eda el presidente de la Asociaci\u00f3n para la Defensa de la Canasta B\u00e1sica de Honduras (Adecabah),\u00a0Adalid Ir\u00edas, quien record\u00f3 que muchas de las verduras y legumbres &hellip;<\/p>\n","protected":false},"author":0,"featured_media":74794,"comment_status":"open","ping_status":"open","sticky":false,"template":"","format":"standard","meta":{"_jetpack_memberships_contains_paid_content":false,"footnotes":""},"categories":[5],"tags":[],"class_list":["post-74793","post","type-post","status-publish","format-standard","has-post-thumbnail","","category-noticias"],"jetpack_sharing_enabled":true,"jetpack_featured_media_url":"https:\/\/mickyandoniehn.com\/radio\/wp-content\/uploads\/2024\/07\/Frutas-y-verduras-2023-696x541-ydanhO.jpeg","_links":{"self":[{"href":"https:\/\/mickyandoniehn.com\/radio\/wp-json\/wp\/v2\/posts\/74793","targetHints":{"allow":["GET"]}}],"collection":[{"href":"https:\/\/mickyandoniehn.com\/radio\/wp-json\/wp\/v2\/posts"}],"about":[{"href":"https:\/\/mickyandoniehn.com\/radio\/wp-json\/wp\/v2\/types\/post"}],"replies":[{"embeddable":true,"href":"https:\/\/mickyandoniehn.com\/radio\/wp-json\/wp\/v2\/comments?post=74793"}],"version-history":[{"count":0,"href":"https:\/\/mickyandoniehn.com\/radio\/wp-json\/wp\/v2\/posts\/74793\/revisions"}],"wp:featuredmedia":[{"embeddable":true,"href":"https:\/\/mickyandoniehn.com\/radio\/wp-json\/wp\/v2\/media\/74794"}],"wp:attachment":[{"href":"https:\/\/mickyandoniehn.com\/radio\/wp-json\/wp\/v2\/media?parent=74793"}],"wp:term":[{"taxonomy":"category","embeddable":true,"href":"https:\/\/mickyandoniehn.com\/radio\/wp-json\/wp\/v2\/categories?post=74793"},{"taxonomy":"post_tag","embeddable":true,"href":"https:\/\/mickyandoniehn.com\/radio\/wp-json\/wp\/v2\/tags?post=74793"}],"curies":[{"name":"wp","href":"https:\/\/api.w.org\/{rel}","templated":true}]}}