{"id":74775,"date":"2024-07-10T07:12:35","date_gmt":"2024-07-10T13:12:35","guid":{"rendered":"https:\/\/mickyandoniehn.com\/radio\/2024\/07\/10\/honduras-en-la-historia-10-de-julio-1842-morazan-asumio-la-jefatura-de-costa-rica\/"},"modified":"2024-07-10T07:12:35","modified_gmt":"2024-07-10T13:12:35","slug":"honduras-en-la-historia-10-de-julio-1842-morazan-asumio-la-jefatura-de-costa-rica","status":"publish","type":"post","link":"https:\/\/mickyandoniehn.com\/radio\/2024\/07\/10\/honduras-en-la-historia-10-de-julio-1842-morazan-asumio-la-jefatura-de-costa-rica\/","title":{"rendered":"Honduras en la Historia: 10 de Julio 1842, Moraz\u00e1n asumi\u00f3 la Jefatura de Costa Rica"},"content":{"rendered":"<\/p>\n<div class=\"xdj266r x11i5rnm xat24cr x1mh8g0r x1vvkbs x126k92a\">\n<div>Honduras en la historia, 10 de julio 1842<\/div>\n<\/div>\n<div class=\"x11i5rnm xat24cr x1mh8g0r x1vvkbs xtlvy1s x126k92a\">\n<div>Moraz\u00e1n Asumi\u00f3 la Jefatura de Costa Rica<\/div>\n<\/div>\n<div class=\"x11i5rnm xat24cr x1mh8g0r x1vvkbs xtlvy1s x126k92a\">\n<div>La Asamblea General Constituyente de Costa Rica nombr\u00f3 Jefe de Estado en propiedad a Francisco Moraz\u00e1n, el 10 de julio de 1842, y le dio el t\u00edtulo de \u201cLibertador de Costa Rica\u201d.<\/div>\n<div>Importa destacar que Moraz\u00e1n, adem\u00e1s de valiente y honrado, era un hombre humilde. Esto explica porque se abstuvo de publicar el decreto que lo declar\u00f3 \u201cLibertador\u201d, hecho que no dej\u00f3 de extra\u00f1ar a los miembros de la Asamblea.<\/div>\n<\/div>\n<p>\u00a0<\/p><\/p>\n","protected":false},"excerpt":{"rendered":"<p>Honduras en la historia, 10 de julio 1842 Moraz\u00e1n Asumi\u00f3 la Jefatura de Costa Rica La Asamblea General Constituyente de Costa Rica nombr\u00f3 Jefe de Estado en propiedad a Francisco Moraz\u00e1n, el 10 de julio de 1842, y le dio el t\u00edtulo de \u201cLibertador de Costa Rica\u201d. Importa destacar que Moraz\u00e1n, adem\u00e1s de valiente y &hellip;<\/p>\n","protected":false},"author":0,"featured_media":74776,"comment_status":"open","ping_status":"open","sticky":false,"template":"","format":"standard","meta":{"_jetpack_memberships_contains_paid_content":false,"footnotes":""},"categories":[5],"tags":[],"class_list":["post-74775","post","type-post","status-publish","format-standard","has-post-thumbnail","","category-noticias"],"jetpack_sharing_enabled":true,"jetpack_featured_media_url":"https:\/\/mickyandoniehn.com\/radio\/wp-content\/uploads\/2024\/07\/10.1-de-julio-pQ4tSD.png","_links":{"self":[{"href":"https:\/\/mickyandoniehn.com\/radio\/wp-json\/wp\/v2\/posts\/74775","targetHints":{"allow":["GET"]}}],"collection":[{"href":"https:\/\/mickyandoniehn.com\/radio\/wp-json\/wp\/v2\/posts"}],"about":[{"href":"https:\/\/mickyandoniehn.com\/radio\/wp-json\/wp\/v2\/types\/post"}],"replies":[{"embeddable":true,"href":"https:\/\/mickyandoniehn.com\/radio\/wp-json\/wp\/v2\/comments?post=74775"}],"version-history":[{"count":0,"href":"https:\/\/mickyandoniehn.com\/radio\/wp-json\/wp\/v2\/posts\/74775\/revisions"}],"wp:featuredmedia":[{"embeddable":true,"href":"https:\/\/mickyandoniehn.com\/radio\/wp-json\/wp\/v2\/media\/74776"}],"wp:attachment":[{"href":"https:\/\/mickyandoniehn.com\/radio\/wp-json\/wp\/v2\/media?parent=74775"}],"wp:term":[{"taxonomy":"category","embeddable":true,"href":"https:\/\/mickyandoniehn.com\/radio\/wp-json\/wp\/v2\/categories?post=74775"},{"taxonomy":"post_tag","embeddable":true,"href":"https:\/\/mickyandoniehn.com\/radio\/wp-json\/wp\/v2\/tags?post=74775"}],"curies":[{"name":"wp","href":"https:\/\/api.w.org\/{rel}","templated":true}]}}