{"id":74773,"date":"2024-07-10T07:12:33","date_gmt":"2024-07-10T13:12:33","guid":{"rendered":"https:\/\/mickyandoniehn.com\/radio\/2024\/07\/10\/honduras-en-la-historia-10-de-julio-1826-creacion-del-municipio-soledad-en-el-departamento-de-el-paraiso\/"},"modified":"2024-07-10T07:12:33","modified_gmt":"2024-07-10T13:12:33","slug":"honduras-en-la-historia-10-de-julio-1826-creacion-del-municipio-soledad-en-el-departamento-de-el-paraiso","status":"publish","type":"post","link":"https:\/\/mickyandoniehn.com\/radio\/2024\/07\/10\/honduras-en-la-historia-10-de-julio-1826-creacion-del-municipio-soledad-en-el-departamento-de-el-paraiso\/","title":{"rendered":"Honduras en la Historia: 10 De Julio 1826, Creaci\u00f3n del Municipio Soledad en el Departamento de El Para\u00edso"},"content":{"rendered":"<\/p>\n<div class=\"xdj266r x11i5rnm xat24cr x1mh8g0r x1vvkbs x126k92a\">\n<div>10 de Julio 1826, Creaci\u00f3n del Municipio de Soledad, Depto. El Para\u00edso.<\/div>\n<div>Fecha de Creaci\u00f3n<\/div>\n<\/div>\n<div class=\"x11i5rnm xat24cr x1mh8g0r x1vvkbs xtlvy1s x126k92a\">\n<div>Le dieron categor\u00eda de Municipio el 10 de julio de 1826 y en la Divisi\u00f3n Pol\u00edtica Territorial 1889 formaba parte del Distrito de Texiguat.<\/div>\n<div>Significado de su nombre<\/div>\n<\/div>\n<div class=\"x11i5rnm xat24cr x1mh8g0r x1vvkbs xtlvy1s x126k92a\">\n<div>Este municipio fue nombrado as\u00ed por la devoci\u00f3n de sus pobladores a la Santa Patrona La Virgen De La Soledad.<\/div>\n<div><\/div>\n<\/div>\n","protected":false},"excerpt":{"rendered":"<p>10 de Julio 1826, Creaci\u00f3n del Municipio de Soledad, Depto. El Para\u00edso. Fecha de Creaci\u00f3n Le dieron categor\u00eda de Municipio el 10 de julio de 1826 y en la Divisi\u00f3n Pol\u00edtica Territorial 1889 formaba parte del Distrito de Texiguat. Significado de su nombre Este municipio fue nombrado as\u00ed por la devoci\u00f3n de sus pobladores a &hellip;<\/p>\n","protected":false},"author":0,"featured_media":74774,"comment_status":"open","ping_status":"open","sticky":false,"template":"","format":"standard","meta":{"_jetpack_memberships_contains_paid_content":false,"footnotes":""},"categories":[5],"tags":[],"class_list":["post-74773","post","type-post","status-publish","format-standard","has-post-thumbnail","","category-noticias"],"jetpack_sharing_enabled":true,"jetpack_featured_media_url":"https:\/\/mickyandoniehn.com\/radio\/wp-content\/uploads\/2024\/07\/10-DE-JULIO-1826-SOLEDAD-EL-PARAISO-gbB884.jpeg","_links":{"self":[{"href":"https:\/\/mickyandoniehn.com\/radio\/wp-json\/wp\/v2\/posts\/74773","targetHints":{"allow":["GET"]}}],"collection":[{"href":"https:\/\/mickyandoniehn.com\/radio\/wp-json\/wp\/v2\/posts"}],"about":[{"href":"https:\/\/mickyandoniehn.com\/radio\/wp-json\/wp\/v2\/types\/post"}],"replies":[{"embeddable":true,"href":"https:\/\/mickyandoniehn.com\/radio\/wp-json\/wp\/v2\/comments?post=74773"}],"version-history":[{"count":0,"href":"https:\/\/mickyandoniehn.com\/radio\/wp-json\/wp\/v2\/posts\/74773\/revisions"}],"wp:featuredmedia":[{"embeddable":true,"href":"https:\/\/mickyandoniehn.com\/radio\/wp-json\/wp\/v2\/media\/74774"}],"wp:attachment":[{"href":"https:\/\/mickyandoniehn.com\/radio\/wp-json\/wp\/v2\/media?parent=74773"}],"wp:term":[{"taxonomy":"category","embeddable":true,"href":"https:\/\/mickyandoniehn.com\/radio\/wp-json\/wp\/v2\/categories?post=74773"},{"taxonomy":"post_tag","embeddable":true,"href":"https:\/\/mickyandoniehn.com\/radio\/wp-json\/wp\/v2\/tags?post=74773"}],"curies":[{"name":"wp","href":"https:\/\/api.w.org\/{rel}","templated":true}]}}